{"id":9995,"date":"2013-11-18T15:49:27","date_gmt":"2013-11-18T13:49:27","guid":{"rendered":"http:\/\/pl.doda-music.com\/?p=9995"},"modified":"2013-11-18T15:58:28","modified_gmt":"2013-11-18T13:58:28","slug":"sylwester-w-katowickim-spodku","status":"publish","type":"post","link":"https:\/\/pl.doda-music.com\/index.php\/2013\/11\/sylwester-w-katowickim-spodku\/","title":{"rendered":"Sylwester w Katowicach | Virgin razem na koncertowym DVD"},"content":{"rendered":"<p> <center><a href=\"http:\/\/pl.doda-music.com\/index.php\/2013\/11\/sylwester-w-katowickim-spodku\/attachment\/634254244502249123\/\" rel=\"attachment wp-att-9996\"><img loading=\"lazy\" decoding=\"async\" src=\"http:\/\/pl.doda-music.com\/wp-content\/uploads\/2013\/11\/634254244502249123-500x356.jpg\" alt=\"\" title=\"634254244502249123\" width=\"500\" height=\"356\" class=\"aligncenter size-large wp-image-9996\" srcset=\"https:\/\/pl.doda-music.com\/wp-content\/uploads\/2013\/11\/634254244502249123-500x356.jpg 500w, https:\/\/pl.doda-music.com\/wp-content\/uploads\/2013\/11\/634254244502249123-300x213.jpg 300w, https:\/\/pl.doda-music.com\/wp-content\/uploads\/2013\/11\/634254244502249123.jpg 658w\" sizes=\"(max-width: 500px) 100vw, 500px\" \/><\/a><\/center><\/p>\n<p>Znamy ju\u017c sylwestrowe plany Dody! Artystka zagra w katowickim Spodku, a o szczeg\u00f3\u0142ach wyst\u0119pu poinformowa\u0142 Queen Team:<br \/>\n<i>Doda ponownie sp\u0119dzi Sylwestra na scenie! To Katowice powitaj\u0105 rok 2014 z Dod\u0105 i jej zespo\u0142em. Artystka da trzy 15-minutowe wyst\u0119py, pierwsze wej\u015bcie o 22:30. Opr\u00f3cz Dody pod katowickim Spodkiem zagra r\u00f3wnie\u017c zesp\u00f3\u0142 Bajm. Ju\u017c dzisiaj serdecznie zapraszamy wszystkich fan\u00f3w oraz mieszka\u0144c\u00f3w Katowic!<\/i><\/p>\n<p>Czekamy na ten wyj\u0105tkowy koncert! Kto z Was si\u0119 wybiera?<\/p>\n<p><b>UPDATE:<\/b> Przypuszczenia Fan\u00f3w dotycz\u0105ce pojawienia si\u0119 Tomka Luberta na nagraniu koncertowego DVD Dody potwierdzi\u0142y si\u0119! Z Facebooka Tomka: <i>W Wrocku-28 listopada-ma\u0142a niespodzianka dla fan\u00f3w VIRGIN te\u017c b\u0119dzie! Warto by\u0107!<\/i><\/p>\n","protected":false},"excerpt":{"rendered":"<p>Znamy ju\u017c sylwestrowe plany Dody! Artystka zagra w katowickim Spodku, a o szczeg\u00f3\u0142ach wyst\u0119pu poinformowa\u0142 Queen Team: Doda ponownie sp\u0119dzi Sylwestra na scenie! To Katowice powitaj\u0105 rok 2014 z Dod\u0105 i jej zespo\u0142em. Artystka da trzy 15-minutowe wyst\u0119py, pierwsze wej\u015bcie o 22:30. Opr\u00f3cz Dody pod katowickim Spodkiem zagra r\u00f3wnie\u017c zesp\u00f3\u0142 Bajm. Ju\u017c dzisiaj serdecznie zapraszamy&#8230; <\/p>\n<div class=\"link-more\"><a href=\"https:\/\/pl.doda-music.com\/index.php\/2013\/11\/sylwester-w-katowickim-spodku\/\">Read More<\/a><\/div>\n","protected":false},"author":12,"featured_media":0,"comment_status":"open","ping_status":"closed","sticky":false,"template":"","format":"standard","meta":{"footnotes":""},"categories":[44,9,56],"tags":[],"_links":{"self":[{"href":"https:\/\/pl.doda-music.com\/index.php\/wp-json\/wp\/v2\/posts\/9995"}],"collection":[{"href":"https:\/\/pl.doda-music.com\/index.php\/wp-json\/wp\/v2\/posts"}],"about":[{"href":"https:\/\/pl.doda-music.com\/index.php\/wp-json\/wp\/v2\/types\/post"}],"author":[{"embeddable":true,"href":"https:\/\/pl.doda-music.com\/index.php\/wp-json\/wp\/v2\/users\/12"}],"replies":[{"embeddable":true,"href":"https:\/\/pl.doda-music.com\/index.php\/wp-json\/wp\/v2\/comments?post=9995"}],"version-history":[{"count":6,"href":"https:\/\/pl.doda-music.com\/index.php\/wp-json\/wp\/v2\/posts\/9995\/revisions"}],"predecessor-version":[{"id":10002,"href":"https:\/\/pl.doda-music.com\/index.php\/wp-json\/wp\/v2\/posts\/9995\/revisions\/10002"}],"wp:attachment":[{"href":"https:\/\/pl.doda-music.com\/index.php\/wp-json\/wp\/v2\/media?parent=9995"}],"wp:term":[{"taxonomy":"category","embeddable":true,"href":"https:\/\/pl.doda-music.com\/index.php\/wp-json\/wp\/v2\/categories?post=9995"},{"taxonomy":"post_tag","embeddable":true,"href":"https:\/\/pl.doda-music.com\/index.php\/wp-json\/wp\/v2\/tags?post=9995"}],"curies":[{"name":"wp","href":"https:\/\/api.w.org\/{rel}","templated":true}]}}