{"id":9183,"date":"2013-05-06T15:36:39","date_gmt":"2013-05-06T13:36:39","guid":{"rendered":"http:\/\/pl.doda-music.com\/?p=9183"},"modified":"2013-05-06T16:19:59","modified_gmt":"2013-05-06T14:19:59","slug":"gala-szczegoly-sesji-facebook-w-kwietniu","status":"publish","type":"post","link":"https:\/\/pl.doda-music.com\/index.php\/2013\/05\/gala-szczegoly-sesji-facebook-w-kwietniu\/","title":{"rendered":"Gala &#8211; szczeg\u00f3\u0142y sesji | Facebook w kwietniu"},"content":{"rendered":"<p><center><img decoding=\"async\" src=\"http:\/\/s.afterparty.pl\/i\/doda-w-sesji-dla-gali-w-strojach-z-trasy-fly-high-tour-doda-w-gali-sesja-i-wywiad-dody-w-gala-NEWS_MAIN-51995.jpg\" width=\"300\"><\/center><\/p>\n<p>Na <a href=\"http:\/\/afterparty.pl\/newsy_galeria.html?galg_id=3897\" target=\"_blank\">Afterparty.pl<\/a> mo\u017cecie znale\u017a\u0107 kilka zdj\u0119\u0107 z sesji dla Gali oraz informacje o ubraniach, jakie ma na sobie Doda. Czytali\u015bcie ju\u017c ca\u0142y wywiad? Jak wra\u017cenia? <\/p>\n<hr>\n<p>Na portalu <a href=\"http:\/\/www.sotrender.com\/pl\/fanpage-trends-category\/201304\/muzyka\" target=\"_Blank\">SoTrender.com<\/a> jak co miesi\u0105c pojawi\u0142o si\u0119 podsumowanie polskiej cz\u0119\u015bci Facebooka. W kategorii &#8220;MUZYKA&#8221; profil Dody pojawi\u0142 si\u0119 w a\u017c 3 na 4 zestawienia &#8211; mimo, i\u017c ma zdecydowanie mniej os\u00f3b lubi\u0105cych od innych fanpage&#8217;y w zestawieniu, Doda nadal wywo\u0142uje silne reakcje i dyskusje. Jej fani s\u0105 mocno zaanga\u017cowani i wchodz\u0105 z Gwiazd\u0105 w interakcje. I tak w podsumowaniu MUZYKI Doda znalaz\u0142a si\u0119 w rankingu:<br \/>\n-zaanga\u017cowani fani (12. miejsce, druga kobieta)<br \/>\n-interaktywno\u015b\u0107 (7. miejsce, pierwsza kobieta)<br \/>\n-liczba os\u00f3b, kt\u00f3re o tym m\u00f3wi\u0105 (12. miejsce, jedyna kobieta)<br \/>\nSzczeg\u00f3\u0142y oraz zmiany w stosunku do marca <a href=\"http:\/\/www.sotrender.com\/pl\/fanpage-trends-category\/201304\/muzyka\" target=\"_blank\">TUTAJ<\/a><\/p>\n<p>Dodatkowo profil Dody pojawi\u0142 si\u0119 w podsumowaniu nowej kategorii CELEBRYCI:<br \/>\n-zaanga\u017cowani fani (15. miejsce)<br \/>\n-interaktywno\u015b\u0107 (11. miejsce)<br \/>\n-liczba os\u00f3b, kt\u00f3re o tym m\u00f3wi\u0105 (15. miejsce)<br \/>\nCa\u0142a kategoria <a href=\"http:\/\/www.sotrender.com\/pl\/fanpage-trends-category\/201304\/celebryci\" target=\"_blank\">TUTAJ<\/a>.<\/p>\n<p>UPDATE:<br \/>\nA premiera klipu ju\u017c wkr\u00f3ce na Eska TV!<\/p>\n<p><center><img decoding=\"async\" src=\"https:\/\/fbcdn-sphotos-f-a.akamaihd.net\/hphotos-ak-ash4\/395746_10151935352163438_2048085916_n.jpg\"><\/center><\/p>\n<p>Eska TV: <em>Uwaga!!! Tylko u nas, na antenie ESKA TV wielka premiera najnowszego klipu Doda &#8220;Electrode&#8221;! Premiera teledysku ju\u017c wkr\u00f3tce w ESKA TV, zagl\u0105dajcie na naszego facebooka, tu, ju\u017c nied\u0142ugo wi\u0119cej informacji:)<\/em><\/p>\n","protected":false},"excerpt":{"rendered":"<p>Na Afterparty.pl mo\u017cecie znale\u017a\u0107 kilka zdj\u0119\u0107 z sesji dla Gali oraz informacje o ubraniach, jakie ma na sobie Doda. Czytali\u015bcie ju\u017c ca\u0142y wywiad? Jak wra\u017cenia? Na portalu SoTrender.com jak co miesi\u0105c pojawi\u0142o si\u0119 podsumowanie polskiej cz\u0119\u015bci Facebooka. W kategorii &#8220;MUZYKA&#8221; profil Dody pojawi\u0142 si\u0119 w a\u017c 3 na 4 zestawienia &#8211; mimo, i\u017c ma zdecydowanie&#8230; <\/p>\n<div class=\"link-more\"><a href=\"https:\/\/pl.doda-music.com\/index.php\/2013\/05\/gala-szczegoly-sesji-facebook-w-kwietniu\/\">Read More<\/a><\/div>\n","protected":false},"author":1,"featured_media":0,"comment_status":"open","ping_status":"closed","sticky":false,"template":"","format":"standard","meta":{"footnotes":""},"categories":[44,31,8],"tags":[],"_links":{"self":[{"href":"https:\/\/pl.doda-music.com\/index.php\/wp-json\/wp\/v2\/posts\/9183"}],"collection":[{"href":"https:\/\/pl.doda-music.com\/index.php\/wp-json\/wp\/v2\/posts"}],"about":[{"href":"https:\/\/pl.doda-music.com\/index.php\/wp-json\/wp\/v2\/types\/post"}],"author":[{"embeddable":true,"href":"https:\/\/pl.doda-music.com\/index.php\/wp-json\/wp\/v2\/users\/1"}],"replies":[{"embeddable":true,"href":"https:\/\/pl.doda-music.com\/index.php\/wp-json\/wp\/v2\/comments?post=9183"}],"version-history":[{"count":2,"href":"https:\/\/pl.doda-music.com\/index.php\/wp-json\/wp\/v2\/posts\/9183\/revisions"}],"predecessor-version":[{"id":9185,"href":"https:\/\/pl.doda-music.com\/index.php\/wp-json\/wp\/v2\/posts\/9183\/revisions\/9185"}],"wp:attachment":[{"href":"https:\/\/pl.doda-music.com\/index.php\/wp-json\/wp\/v2\/media?parent=9183"}],"wp:term":[{"taxonomy":"category","embeddable":true,"href":"https:\/\/pl.doda-music.com\/index.php\/wp-json\/wp\/v2\/categories?post=9183"},{"taxonomy":"post_tag","embeddable":true,"href":"https:\/\/pl.doda-music.com\/index.php\/wp-json\/wp\/v2\/tags?post=9183"}],"curies":[{"name":"wp","href":"https:\/\/api.w.org\/{rel}","templated":true}]}}