{"id":8229,"date":"2012-12-05T10:36:14","date_gmt":"2012-12-05T08:36:14","guid":{"rendered":"http:\/\/pl.doda-music.com\/?p=8229"},"modified":"2012-12-05T14:39:46","modified_gmt":"2012-12-05T12:39:46","slug":"oswiadczenie-doda-na-prezentacji-louboutina","status":"publish","type":"post","link":"https:\/\/pl.doda-music.com\/index.php\/2012\/12\/oswiadczenie-doda-na-prezentacji-louboutina\/","title":{"rendered":"O\u015aWIADCZENIE | Doda na prezentacji Louboutina"},"content":{"rendered":"<p>Koniec roku przynosi zmiany nie tylko w teamie Dody (nowy rzecznik oraz managerka). Wczoraj, po kilku tygodniach negocjacji, Artystka podpisa\u0142a d\u0142ugo wyczekiwany przez fan\u00f3w kontrakt z EMI MUSIC POLAND. Rok 2013 przyniesie wi\u0119c now\u0105 wytw\u00f3rni\u0119, now\u0105 p\u0142yt\u0119 oraz zupe\u0142nie nowe pomys\u0142y! Wkr\u00f3tce odb\u0119dzie si\u0119 oficjalna konferencja prasowa, na kt\u00f3r\u0105 ju\u017c teraz serdecznie zapraszamy media. <\/p>\n<hr>\n<p><center><img decoding=\"async\" src=\"http:\/\/s.afterparty.pl\/i\/doda-na-prezentacji-butow-christina-louboutina-wiosna-lato-2013-NEWS_MAIN-40454.jpg\" width=\"500\"><\/center><\/p>\n<p>Pojawi\u0142y si\u0119 pierwsze zdj\u0119cia z wczorajszej prezentacji Louboutina, na kt\u00f3rej pojawi\u0142a si\u0119 Doda! Post b\u0119dzie aktualizowany o kolejne linki:<\/p>\n<p><a href=\"http:\/\/www.plejada.pl\/27799,1,17,gwiazdy-podziwajaja-szpilki-na-moliera-2,fotogaleria.html\">plejada.pl<\/a><br \/>\n<a href=\"http:\/\/nocoty.pl\/title,Kayah-i-Doda-jak-male-dziewczynki-FOTO,wid,15152926,wiadomosc.html?ticaid=6fa5e\">nocoty.pl<\/a><br \/>\n<a href=\"http:\/\/www.pomponik.pl\/zdjecia\/zdjecie,iId,889800,iSort,5,iTime,1,iAId,62133\">pomponik<\/a><br \/>\n<a href=\"http:\/\/afterparty.pl\/newsy_galeria.html?galg_id=3070&#038;ph_wide_03_page_no=1\" target=\"_blank\">afterparty.pl<\/a><br \/>\n<a href=\"http:\/\/www.fakt.pl\/Doda-i-Kayah-tatuuja-sie,film,896145.html\">fakt.pl &#8211; video<\/a><\/p>\n","protected":false},"excerpt":{"rendered":"<p>Koniec roku przynosi zmiany nie tylko w teamie Dody (nowy rzecznik oraz managerka). Wczoraj, po kilku tygodniach negocjacji, Artystka podpisa\u0142a d\u0142ugo wyczekiwany przez fan\u00f3w kontrakt z EMI MUSIC POLAND. Rok 2013 przyniesie wi\u0119c now\u0105 wytw\u00f3rni\u0119, now\u0105 p\u0142yt\u0119 oraz zupe\u0142nie nowe pomys\u0142y! Wkr\u00f3tce odb\u0119dzie si\u0119 oficjalna konferencja prasowa, na kt\u00f3r\u0105 ju\u017c teraz serdecznie zapraszamy media. Pojawi\u0142y&#8230; <\/p>\n<div class=\"link-more\"><a href=\"https:\/\/pl.doda-music.com\/index.php\/2012\/12\/oswiadczenie-doda-na-prezentacji-louboutina\/\">Read More<\/a><\/div>\n","protected":false},"author":1,"featured_media":0,"comment_status":"open","ping_status":"closed","sticky":false,"template":"","format":"standard","meta":{"footnotes":""},"categories":[8,25],"tags":[],"_links":{"self":[{"href":"https:\/\/pl.doda-music.com\/index.php\/wp-json\/wp\/v2\/posts\/8229"}],"collection":[{"href":"https:\/\/pl.doda-music.com\/index.php\/wp-json\/wp\/v2\/posts"}],"about":[{"href":"https:\/\/pl.doda-music.com\/index.php\/wp-json\/wp\/v2\/types\/post"}],"author":[{"embeddable":true,"href":"https:\/\/pl.doda-music.com\/index.php\/wp-json\/wp\/v2\/users\/1"}],"replies":[{"embeddable":true,"href":"https:\/\/pl.doda-music.com\/index.php\/wp-json\/wp\/v2\/comments?post=8229"}],"version-history":[{"count":3,"href":"https:\/\/pl.doda-music.com\/index.php\/wp-json\/wp\/v2\/posts\/8229\/revisions"}],"predecessor-version":[{"id":8232,"href":"https:\/\/pl.doda-music.com\/index.php\/wp-json\/wp\/v2\/posts\/8229\/revisions\/8232"}],"wp:attachment":[{"href":"https:\/\/pl.doda-music.com\/index.php\/wp-json\/wp\/v2\/media?parent=8229"}],"wp:term":[{"taxonomy":"category","embeddable":true,"href":"https:\/\/pl.doda-music.com\/index.php\/wp-json\/wp\/v2\/categories?post=8229"},{"taxonomy":"post_tag","embeddable":true,"href":"https:\/\/pl.doda-music.com\/index.php\/wp-json\/wp\/v2\/tags?post=8229"}],"curies":[{"name":"wp","href":"https:\/\/api.w.org\/{rel}","templated":true}]}}