{"id":7040,"date":"2012-06-28T11:45:31","date_gmt":"2012-06-28T09:45:31","guid":{"rendered":"http:\/\/pl.doda-music.com\/?p=7040"},"modified":"2012-06-28T14:53:27","modified_gmt":"2012-06-28T12:53:27","slug":"doda-w-top-10-wokalistek-wszech-czasow","status":"publish","type":"post","link":"https:\/\/pl.doda-music.com\/index.php\/2012\/06\/doda-w-top-10-wokalistek-wszech-czasow\/","title":{"rendered":"Doda w TOP 10 wokalistek wszech czas\u00f3w |Sesja do &#8220;Wprost&#8221;"},"content":{"rendered":"<p><center><img loading=\"lazy\" decoding=\"async\" src=\"http:\/\/pl.doda-music.com\/wp-content\/uploads\/2012\/06\/634240428662719733.jpg\" alt=\"\" title=\"634240428662719733\" width=\"310\" height=\"500\" class=\"aligncenter size-full wp-image-7041\" srcset=\"https:\/\/pl.doda-music.com\/wp-content\/uploads\/2012\/06\/634240428662719733.jpg 310w, https:\/\/pl.doda-music.com\/wp-content\/uploads\/2012\/06\/634240428662719733-186x300.jpg 186w\" sizes=\"(max-width: 310px) 100vw, 310px\" \/><\/center><\/p>\n<p>Portal Onet.pl opublikowa\u0142 wyniki swojej sondy na wokalistk\u0119 wszech czas\u00f3w. Czytelnicy wybierali spo\u015br\u00f3d 30 polskich artystek. Doda okaza\u0142a si\u0119 najwy\u017cej notowan\u0105 artystk\u0105 m\u0142odego pokolenia i znalaz\u0142a si\u0119 na 9. miejscu! Gratulujemy!<\/p>\n<p>Wokalistk\u0105 wszech czas\u00f3w og\u0142oszono za\u015b Maryl\u0119 Rodowicz. Opis Dody i wszystkie piosenkarki znajdziecie <a href=\"http:\/\/muzyka.onet.pl\/galerie\/znamy-polska-wokaliste-wszech-czasow,5172645,12252194,galeria-mala.html\" target=\"_blank\">TUTAJ<\/a>.<\/p>\n<p>UPDATE: Z Facebooka Dody: <i>Lubie m\u00f3wi\u0107 wprost, wi\u0119c te\u017c napisze wprost: dzi\u015b sesja do wprost:)<\/i><br \/>\nMy\u015blicie, \u017ce tematyka sesji b\u0119dzie zbli\u017cona do tej ostatniej z motywem palenia na stosie? :)<\/p>\n","protected":false},"excerpt":{"rendered":"<p>Portal Onet.pl opublikowa\u0142 wyniki swojej sondy na wokalistk\u0119 wszech czas\u00f3w. Czytelnicy wybierali spo\u015br\u00f3d 30 polskich artystek. Doda okaza\u0142a si\u0119 najwy\u017cej notowan\u0105 artystk\u0105 m\u0142odego pokolenia i znalaz\u0142a si\u0119 na 9. miejscu! Gratulujemy! Wokalistk\u0105 wszech czas\u00f3w og\u0142oszono za\u015b Maryl\u0119 Rodowicz. Opis Dody i wszystkie piosenkarki znajdziecie TUTAJ. UPDATE: Z Facebooka Dody: Lubie m\u00f3wi\u0107 wprost, wi\u0119c te\u017c napisze&#8230; <\/p>\n<div class=\"link-more\"><a href=\"https:\/\/pl.doda-music.com\/index.php\/2012\/06\/doda-w-top-10-wokalistek-wszech-czasow\/\">Read More<\/a><\/div>\n","protected":false},"author":1,"featured_media":0,"comment_status":"open","ping_status":"closed","sticky":false,"template":"","format":"standard","meta":{"footnotes":""},"categories":[44,12,17],"tags":[],"_links":{"self":[{"href":"https:\/\/pl.doda-music.com\/index.php\/wp-json\/wp\/v2\/posts\/7040"}],"collection":[{"href":"https:\/\/pl.doda-music.com\/index.php\/wp-json\/wp\/v2\/posts"}],"about":[{"href":"https:\/\/pl.doda-music.com\/index.php\/wp-json\/wp\/v2\/types\/post"}],"author":[{"embeddable":true,"href":"https:\/\/pl.doda-music.com\/index.php\/wp-json\/wp\/v2\/users\/1"}],"replies":[{"embeddable":true,"href":"https:\/\/pl.doda-music.com\/index.php\/wp-json\/wp\/v2\/comments?post=7040"}],"version-history":[{"count":2,"href":"https:\/\/pl.doda-music.com\/index.php\/wp-json\/wp\/v2\/posts\/7040\/revisions"}],"predecessor-version":[{"id":7043,"href":"https:\/\/pl.doda-music.com\/index.php\/wp-json\/wp\/v2\/posts\/7040\/revisions\/7043"}],"wp:attachment":[{"href":"https:\/\/pl.doda-music.com\/index.php\/wp-json\/wp\/v2\/media?parent=7040"}],"wp:term":[{"taxonomy":"category","embeddable":true,"href":"https:\/\/pl.doda-music.com\/index.php\/wp-json\/wp\/v2\/categories?post=7040"},{"taxonomy":"post_tag","embeddable":true,"href":"https:\/\/pl.doda-music.com\/index.php\/wp-json\/wp\/v2\/tags?post=7040"}],"curies":[{"name":"wp","href":"https:\/\/api.w.org\/{rel}","templated":true}]}}