{"id":6001,"date":"2012-02-23T13:44:19","date_gmt":"2012-02-23T11:44:19","guid":{"rendered":"http:\/\/pl.doda-music.com\/?p=6001"},"modified":"2012-02-24T12:11:54","modified_gmt":"2012-02-24T10:11:54","slug":"viva-comet-2012-newsy","status":"publish","type":"post","link":"https:\/\/pl.doda-music.com\/index.php\/2012\/02\/viva-comet-2012-newsy\/","title":{"rendered":"Viva Comet 2012 &#8211; NEWSY"},"content":{"rendered":"<p><center><img decoding=\"async\" src=\"http:\/\/img692.imageshack.us\/img692\/2362\/vivacomet.png\"><\/center><\/p>\n<p>Jak ju\u017c wiecie &#8211; dzi\u015b o 20:00 rusza gala Viva Comet 2012. Nasza Artystka zdoby\u0142a nominacj\u0119 w kategorii Teledysk Roku &#8211; nasi czytelnicy oddali na Dod\u0119 \u0142\u0105cznie ponad <strong>100 tysi\u0119cy g\u0142os\u00f3w<\/strong> (post z liczeniem <a href=\"http:\/\/pl.doda-music.com\/index.php\/2012\/01\/viva-comet-2012-liczenie-glosow\/\" target=\"_blank\">TUTAJ<\/a>).<\/p>\n<p>Zapraszamy Was do ogl\u0105dania gali &#8211; w telewizji Viva Polska. Na <a href=\"http:\/\/www.facebook.com\/VIVAPolska\" target=\"_blank\">facebooku Vivy<\/a> od 18:00 czerwony dywan. Komentujcie wszystko na bie\u017c\u0105co pod tym newsem. Poniewa\u017c nasza ekipa wyrusza do hali Expo, mo\u017cecie spodziewa\u0107 si\u0119 relacji na naszym Blipie:<\/p>\n<p><center><object width=\"500\" height=\"350\"><param name=\"movie\" value=\"http:\/\/blip.pl\/widget.swf\" \/><param name=\"wmode\" value=\"transparent\" \/><param name=\"flashvars\" value=\"blip_user=dodamusiccom&#038;color_scheme=bw&#038;corner_radius=0&#038;\"><embed src=\"http:\/\/blip.pl\/widget.swf\" wmode=\"transparent\" width=\"500\" height=\"350\" flashvars=\"blip_user=dodamusiccom&#038;color_scheme=bw&#038;corner_radius=0&#038;\" type=\"application\/x-shockwave-flash\" \/><\/object><\/center><\/p>\n<p>Update: Doda na facebooku o Viva Comet:<\/p>\n<p><em>SIEMAAAAA!!! exxxcytacja-1000000!!dzis zero stresu,pe\u0142en luzik .lans balans:)))czasami fajnie byc po drugiej stronie:)<\/em><\/p>\n<p>Artystka zmieni\u0142a r\u00f3wnie\u017c zdj\u0119cie profilowe.<\/p>\n<p>Po rozwini\u0119ciu newsa znajdziecie specjalne ankiety &#8211; zobaczmy, jak g\u0142osowali fani Dody i czy nasze g\u0142osy pokryj\u0105 si\u0119 z ostatecznymi wynikami :)<\/p>\n<p><!--more--><\/p>\n<p><center><script type=\"text\/javascript\" charset=\"utf-8\" src=\"http:\/\/static.polldaddy.com\/p\/5971016.js\"><\/script><br \/>\n<noscript><a href=\"http:\/\/polldaddy.com\/poll\/5971016\/\">Artysta Roku<\/a><\/noscript><\/p>\n<p><script type=\"text\/javascript\" charset=\"utf-8\" src=\"http:\/\/static.polldaddy.com\/p\/5971023.js\"><\/script><br \/>\n<noscript><a href=\"http:\/\/polldaddy.com\/poll\/5971023\/\">Artystka Roku<\/a><\/noscript><\/p>\n<p><script type=\"text\/javascript\" charset=\"utf-8\" src=\"http:\/\/static.polldaddy.com\/p\/5971026.js\"><\/script><br \/>\n<noscript><a href=\"http:\/\/polldaddy.com\/poll\/5971026\/\">Zesp\u00f3\u0142 Roku<\/a><\/noscript><\/p>\n<p><script type=\"text\/javascript\" charset=\"utf-8\" src=\"http:\/\/static.polldaddy.com\/p\/5971030.js\"><\/script><br \/>\n<noscript><a href=\"http:\/\/polldaddy.com\/poll\/5971030\/\">Przeb\u00f3j roku<\/a><\/noscript><\/p>\n<p><script type=\"text\/javascript\" charset=\"utf-8\" src=\"http:\/\/static.polldaddy.com\/p\/5971033.js\"><\/script><br \/>\n<noscript><a href=\"http:\/\/polldaddy.com\/poll\/5971033\/\">P\u0142yta roku<\/a><\/noscript><\/p>\n<p><script type=\"text\/javascript\" charset=\"utf-8\" src=\"http:\/\/static.polldaddy.com\/p\/5971035.js\"><\/script><br \/>\n<noscript><a href=\"http:\/\/polldaddy.com\/poll\/5971035\/\">Debiut roku<\/a><\/noscript><\/p>\n<p><script type=\"text\/javascript\" charset=\"utf-8\" src=\"http:\/\/static.polldaddy.com\/p\/5971036.js\"><\/script><br \/>\n<noscript><a href=\"http:\/\/polldaddy.com\/poll\/5971036\/\">Image Roku<\/a><\/noscript><\/p>\n<p><script type=\"text\/javascript\" charset=\"utf-8\" src=\"http:\/\/static.polldaddy.com\/p\/5971039.js\"><\/script><br \/>\n<noscript><a href=\"http:\/\/polldaddy.com\/poll\/5971039\/\">Dzwonek Roku<\/a><\/noscript><\/p>\n<p><script type=\"text\/javascript\" charset=\"utf-8\" src=\"http:\/\/static.polldaddy.com\/p\/5971042.js\"><\/script><br \/>\n<noscript><a href=\"http:\/\/polldaddy.com\/poll\/5971042\/\">Teledysk Roku<\/a><\/noscript><\/p>\n<p><script type=\"text\/javascript\" charset=\"utf-8\" src=\"http:\/\/static.polldaddy.com\/p\/5971045.js\"><\/script><br \/>\n<noscript><a href=\"http:\/\/polldaddy.com\/poll\/5971045\/\">Najlepsze na viva-tv.pl<\/a><\/noscript><br \/>\n<\/center><\/p>\n","protected":false},"excerpt":{"rendered":"<p>Jak ju\u017c wiecie &#8211; dzi\u015b o 20:00 rusza gala Viva Comet 2012. Nasza Artystka zdoby\u0142a nominacj\u0119 w kategorii Teledysk Roku &#8211; nasi czytelnicy oddali na Dod\u0119 \u0142\u0105cznie ponad 100 tysi\u0119cy g\u0142os\u00f3w (post z liczeniem TUTAJ). Zapraszamy Was do ogl\u0105dania gali &#8211; w telewizji Viva Polska. Na facebooku Vivy od 18:00 czerwony dywan. Komentujcie wszystko na&#8230; <\/p>\n<div class=\"link-more\"><a href=\"https:\/\/pl.doda-music.com\/index.php\/2012\/02\/viva-comet-2012-newsy\/\">Read More<\/a><\/div>\n","protected":false},"author":1,"featured_media":0,"comment_status":"open","ping_status":"closed","sticky":false,"template":"","format":"standard","meta":{"footnotes":""},"categories":[7],"tags":[],"_links":{"self":[{"href":"https:\/\/pl.doda-music.com\/index.php\/wp-json\/wp\/v2\/posts\/6001"}],"collection":[{"href":"https:\/\/pl.doda-music.com\/index.php\/wp-json\/wp\/v2\/posts"}],"about":[{"href":"https:\/\/pl.doda-music.com\/index.php\/wp-json\/wp\/v2\/types\/post"}],"author":[{"embeddable":true,"href":"https:\/\/pl.doda-music.com\/index.php\/wp-json\/wp\/v2\/users\/1"}],"replies":[{"embeddable":true,"href":"https:\/\/pl.doda-music.com\/index.php\/wp-json\/wp\/v2\/comments?post=6001"}],"version-history":[{"count":9,"href":"https:\/\/pl.doda-music.com\/index.php\/wp-json\/wp\/v2\/posts\/6001\/revisions"}],"predecessor-version":[{"id":6016,"href":"https:\/\/pl.doda-music.com\/index.php\/wp-json\/wp\/v2\/posts\/6001\/revisions\/6016"}],"wp:attachment":[{"href":"https:\/\/pl.doda-music.com\/index.php\/wp-json\/wp\/v2\/media?parent=6001"}],"wp:term":[{"taxonomy":"category","embeddable":true,"href":"https:\/\/pl.doda-music.com\/index.php\/wp-json\/wp\/v2\/categories?post=6001"},{"taxonomy":"post_tag","embeddable":true,"href":"https:\/\/pl.doda-music.com\/index.php\/wp-json\/wp\/v2\/tags?post=6001"}],"curies":[{"name":"wp","href":"https:\/\/api.w.org\/{rel}","templated":true}]}}