{"id":4065,"date":"2011-08-29T18:55:55","date_gmt":"2011-08-29T16:55:55","guid":{"rendered":"http:\/\/pl.doda-music.com\/?p=4065"},"modified":"2011-08-29T19:09:02","modified_gmt":"2011-08-29T17:09:02","slug":"wakacyjny-przeglad-prasy-8-ostatni","status":"publish","type":"post","link":"https:\/\/pl.doda-music.com\/index.php\/2011\/08\/wakacyjny-przeglad-prasy-8-ostatni\/","title":{"rendered":"Wakacyjny przegl\u0105d prasy (8 &#8211; ostatni)"},"content":{"rendered":"<p><a href=\"http:\/\/pl.doda-music.com\/index.php\/2011\/08\/wakacyjny-przeglad-prasy-8-ostatni\/okladka\/\" rel=\"attachment wp-att-4106\"><img loading=\"lazy\" decoding=\"async\" src=\"http:\/\/pl.doda-music.com\/wp-content\/uploads\/2011\/08\/ok\u0142adka-500x362.jpg\" alt=\"\" width=\"500\" height=\"362\" class=\"aligncenter size-large wp-image-4106\" srcset=\"https:\/\/pl.doda-music.com\/wp-content\/uploads\/2011\/08\/ok\u0142adka-500x362.jpg 500w, https:\/\/pl.doda-music.com\/wp-content\/uploads\/2011\/08\/ok\u0142adka-300x217.jpg 300w, https:\/\/pl.doda-music.com\/wp-content\/uploads\/2011\/08\/ok\u0142adka.jpg 864w\" sizes=\"(max-width: 500px) 100vw, 500px\" \/><\/a><\/p>\n<p> W ostatnim przegl\u0105dzie prasy tych wakacji przeczytacie o r\u00f3\u017cnych ma\u0142ych i wi\u0119kszych sprawach, ale dla najwytrwalszych czytelnik\u00f3w, po przebrni\u0119ciu przez ca\u0142y tekst, ma\u0142a niespodzianka &#8211; szczeg\u00f3\u0142y dotycz\u0105ce nowego teledysku. Mamy nadziej\u0119, \u017ce to nie plotki ;) Zapraszam!<\/p>\n<p> Tygodnik &#8220;Angora&#8221; zamie\u015bci\u0142 tekst, kt\u00f3ry m\u00f3wi o nowej roli taty Dody. Gazeta podaje, \u017ce pan Pawe\u0142 Rabczewski zamierza kandydowa\u0107 w zbli\u017caj\u0105cych si\u0119 wyborach do Sejmu. Tata Dody startuje z listy PJN i jak sam m\u00f3wi &#8220;chcia\u0142by zaj\u0105\u0107 si\u0119 sprawami najubo\u017cszych&#8221;. &#8220;Angora&#8221; zastanawia si\u0119 czy wyb\u00f3r partii PJN przez tat\u0119 Dody nie spowoduje rodzinnego konfliktu mi\u0119dzy ojcem, a c\u00f3rk\u0105, kt\u00f3ra sama darzy sympati\u0105 Platform\u0119 Obywatelsk\u0105. Za to my zastanawiamy si\u0119 czy aby troch\u0119 redaktor\u00f3w nie ponios\u0142a fantazja? ;)<\/p>\n<p>W dwutygodniku &#8220;Show&#8221; zainteresowa\u0142y nas 3 rzeczy. Pierwsz\u0105 jest obszerny wywiad z Robertem Kozyr\u0105, w kt\u00f3rym OCZYWI\u015aCIE (:D) musia\u0142o pa\u015b\u0107 pytanie o nasz\u0105 Artystk\u0119. Co powiedzia\u0142 Kozyra o Dodzie, opr\u00f3cz tego, \u017ce &#8216;gdyby popracowa\u0142a nad g\u0142osem i materia\u0142em na hity to mog\u0142aby by\u0107 gwiazd\u0105 formatu Maryli Rodowicz&#8217;? Reszty dowiecie si\u0119 <A HREF=\"http:\/\/imageshack.us\/photo\/my-images\/190\/kozyraododzieshow.jpg\/\">TUTAJ.<\/A><\/p>\n<p> Drug\u0105 rzecz\u0105 z &#8220;Show&#8221; jest krytyka tamtejszego redaktora mody, kt\u00f3ry oceniaj\u0105c str\u00f3j Dody ze spotkania z fanami w Katowicach, zarzuca mu wszystko. Brak smaku, z\u0142e po\u0142\u0105czenie rzeczy, &#8216;groteskowy kapelutek&#8217; i zniekszta\u0142con\u0105 twarz przez za du\u017ce okulary&#8230; Macie ochot\u0119 oceni\u0107 teraz w drug\u0105 stron\u0119? Wygooglujcie sobie: Wojciech Grzyba\u0142a :D Str\u00f3j poddany ocenie zamieszczony jest <A HREF=\"http:\/\/imageshack.us\/photo\/my-images\/193\/stylistashowododzie.jpg\/\"> w tym hiper\u0142\u0105czu.<\/A><\/p>\n<p> I&#8230; ostatni news! <b>Informacja dotyczy nowego teledysku!<\/b> Jak podaje, wspomniane ju\u017c kilka razy, &#8220;Show&#8221;, Doda (wbrew plotkom) nie ko\u0144czy kariery i przygotowuje si\u0119 do nagrania teledysku. Jej nowy menad\u017cer planuje prawdziw\u0105 bomb\u0119 ;) Wed\u0142ug gazety trwaj\u0105 rozmowy z 60 tancerzami, kt\u00f3rzy wsp\u00f3\u0142pracuj\u0105 z Britney Spears jak i r\u00f3wnie\u017c z choreografem Beyonce by wszyscy wyst\u0105pili w nowym dziele naszej Kr\u00f3lowej? Czy si\u0119 uda? Je\u015bli tak to na pewno b\u0119dzie &#8216;na bogato&#8217;, wi\u0119c warto czeka\u0107 ;)  Ca\u0142y artyku\u0142 do przeczytania <A HREF=\"http:\/\/imageshack.us\/photo\/my-images\/685\/dodashow1.jpg\/\">TUTAJ.<\/A><\/p>\n<p> Wszystkim wiernym czytelnikom przegl\u0105du \u017cyczymy na\u0142adowania akumulator\u00f3w przed ko\u0144cem lata, \u017ceby\u015bcie mieli du\u017co energii na wrze\u015bniowych koncertach Dody ;)<\/p>\n","protected":false},"excerpt":{"rendered":"<p>W ostatnim przegl\u0105dzie prasy tych wakacji przeczytacie o r\u00f3\u017cnych ma\u0142ych i wi\u0119kszych sprawach, ale dla najwytrwalszych czytelnik\u00f3w, po przebrni\u0119ciu przez ca\u0142y tekst, ma\u0142a niespodzianka &#8211; szczeg\u00f3\u0142y dotycz\u0105ce nowego teledysku. Mamy nadziej\u0119, \u017ce to nie plotki ;) Zapraszam! Tygodnik &#8220;Angora&#8221; zamie\u015bci\u0142 tekst, kt\u00f3ry m\u00f3wi o nowej roli taty Dody. Gazeta podaje, \u017ce pan Pawe\u0142 Rabczewski zamierza&#8230; <\/p>\n<div class=\"link-more\"><a href=\"https:\/\/pl.doda-music.com\/index.php\/2011\/08\/wakacyjny-przeglad-prasy-8-ostatni\/\">Read More<\/a><\/div>\n","protected":false},"author":12,"featured_media":0,"comment_status":"open","ping_status":"closed","sticky":false,"template":"","format":"standard","meta":{"footnotes":""},"categories":[34,1],"tags":[],"_links":{"self":[{"href":"https:\/\/pl.doda-music.com\/index.php\/wp-json\/wp\/v2\/posts\/4065"}],"collection":[{"href":"https:\/\/pl.doda-music.com\/index.php\/wp-json\/wp\/v2\/posts"}],"about":[{"href":"https:\/\/pl.doda-music.com\/index.php\/wp-json\/wp\/v2\/types\/post"}],"author":[{"embeddable":true,"href":"https:\/\/pl.doda-music.com\/index.php\/wp-json\/wp\/v2\/users\/12"}],"replies":[{"embeddable":true,"href":"https:\/\/pl.doda-music.com\/index.php\/wp-json\/wp\/v2\/comments?post=4065"}],"version-history":[{"count":13,"href":"https:\/\/pl.doda-music.com\/index.php\/wp-json\/wp\/v2\/posts\/4065\/revisions"}],"predecessor-version":[{"id":4120,"href":"https:\/\/pl.doda-music.com\/index.php\/wp-json\/wp\/v2\/posts\/4065\/revisions\/4120"}],"wp:attachment":[{"href":"https:\/\/pl.doda-music.com\/index.php\/wp-json\/wp\/v2\/media?parent=4065"}],"wp:term":[{"taxonomy":"category","embeddable":true,"href":"https:\/\/pl.doda-music.com\/index.php\/wp-json\/wp\/v2\/categories?post=4065"},{"taxonomy":"post_tag","embeddable":true,"href":"https:\/\/pl.doda-music.com\/index.php\/wp-json\/wp\/v2\/tags?post=4065"}],"curies":[{"name":"wp","href":"https:\/\/api.w.org\/{rel}","templated":true}]}}