{"id":17555,"date":"2019-03-19T13:41:57","date_gmt":"2019-03-19T12:41:57","guid":{"rendered":"http:\/\/pl.doda-music.com\/?p=17555"},"modified":"2019-03-19T13:41:57","modified_gmt":"2019-03-19T12:41:57","slug":"przelozone-plany-zawodowe-dody","status":"publish","type":"post","link":"https:\/\/pl.doda-music.com\/index.php\/2019\/03\/przelozone-plany-zawodowe-dody\/","title":{"rendered":"Prze\u0142o\u017cone plany zawodowe Dody"},"content":{"rendered":"\n<p>Na Facebooku Dody pojawi\u0142 si\u0119 niepokoj\u0105cy wpis, w kt\u00f3rym wyja\u015bni\u0142a ona czemu jej najbli\u017csze plany zawodowe zosta\u0142y prze\u0142o\u017cone:<\/p>\n\n\n\n<iframe loading=\"lazy\" src=\"https:\/\/www.facebook.com\/plugins\/post.php?href=https%3A%2F%2Fwww.facebook.com%2Fofficialdoda%2Fposts%2F2299389613439642&#038;width=500\" width=\"500\" height=\"192\" style=\"border:none;overflow:hidden\" scrolling=\"no\" frameborder=\"0\" allowTransparency=\"true\" allow=\"encrypted-media\"><\/iframe>\n\n\n\n<p>Doda, jak zawsze jeste\u015bmy z Tob\u0105!<\/p>\n\n\n\n<p>Na stronach koncertowych mo\u017cna znale\u017a\u0107 now\u0105 dat\u0119 koncertu Dody na Torwarze, kt\u00f3ry odb\u0119dzie si\u0119 19. maja o godzinie 20:00:<\/p>\n\n\n\n<blockquote class=\"wp-block-quote is-layout-flow wp-block-quote-is-layout-flow\"><p> <br><strong>W zwi\u0105zku z decyzj\u0105 artystki o zawieszanie najbli\u017cszych aktywno\u015bci zawodowych zaplanowany na 21 marca koncert w Hali COS Torwar Warszawa zosta\u0142 prze\u0142o\u017cony na termin 19 maja 2019 r. (niedziela) godzina: 20:00. Zakupione bilety zachowuj\u0105 wa\u017cno\u015b\u0107 i b\u0119d\u0105 obowi\u0105zywa\u0107 w nowym terminie.\u00a0<br>Ewentualne zwroty bilet\u00f3w przyjmowane b\u0119d\u0105 do 28 marca 2019 w punktach ich nabycia.<\/strong><br><br> <\/p><\/blockquote>\n","protected":false},"excerpt":{"rendered":"<p>Na Facebooku Dody pojawi\u0142 si\u0119 niepokoj\u0105cy wpis, w kt\u00f3rym wyja\u015bni\u0142a ona czemu jej najbli\u017csze plany zawodowe zosta\u0142y prze\u0142o\u017cone: Doda, jak zawsze jeste\u015bmy z Tob\u0105! Na stronach koncertowych mo\u017cna znale\u017a\u0107 now\u0105 dat\u0119 koncertu Dody na Torwarze, kt\u00f3ry odb\u0119dzie si\u0119 19. maja o godzinie 20:00: W zwi\u0105zku z decyzj\u0105 artystki o zawieszanie najbli\u017cszych aktywno\u015bci zawodowych zaplanowany na&#8230; <\/p>\n<div class=\"link-more\"><a href=\"https:\/\/pl.doda-music.com\/index.php\/2019\/03\/przelozone-plany-zawodowe-dody\/\">Read More<\/a><\/div>\n","protected":false},"author":1,"featured_media":17556,"comment_status":"open","ping_status":"closed","sticky":false,"template":"","format":"standard","meta":{"footnotes":""},"categories":[9,25],"tags":[],"_links":{"self":[{"href":"https:\/\/pl.doda-music.com\/index.php\/wp-json\/wp\/v2\/posts\/17555"}],"collection":[{"href":"https:\/\/pl.doda-music.com\/index.php\/wp-json\/wp\/v2\/posts"}],"about":[{"href":"https:\/\/pl.doda-music.com\/index.php\/wp-json\/wp\/v2\/types\/post"}],"author":[{"embeddable":true,"href":"https:\/\/pl.doda-music.com\/index.php\/wp-json\/wp\/v2\/users\/1"}],"replies":[{"embeddable":true,"href":"https:\/\/pl.doda-music.com\/index.php\/wp-json\/wp\/v2\/comments?post=17555"}],"version-history":[{"count":1,"href":"https:\/\/pl.doda-music.com\/index.php\/wp-json\/wp\/v2\/posts\/17555\/revisions"}],"predecessor-version":[{"id":17557,"href":"https:\/\/pl.doda-music.com\/index.php\/wp-json\/wp\/v2\/posts\/17555\/revisions\/17557"}],"wp:featuredmedia":[{"embeddable":true,"href":"https:\/\/pl.doda-music.com\/index.php\/wp-json\/wp\/v2\/media\/17556"}],"wp:attachment":[{"href":"https:\/\/pl.doda-music.com\/index.php\/wp-json\/wp\/v2\/media?parent=17555"}],"wp:term":[{"taxonomy":"category","embeddable":true,"href":"https:\/\/pl.doda-music.com\/index.php\/wp-json\/wp\/v2\/categories?post=17555"},{"taxonomy":"post_tag","embeddable":true,"href":"https:\/\/pl.doda-music.com\/index.php\/wp-json\/wp\/v2\/tags?post=17555"}],"curies":[{"name":"wp","href":"https:\/\/api.w.org\/{rel}","templated":true}]}}