{"id":17550,"date":"2019-03-12T12:11:47","date_gmt":"2019-03-12T11:11:47","guid":{"rendered":"http:\/\/pl.doda-music.com\/?p=17550"},"modified":"2019-03-12T12:11:47","modified_gmt":"2019-03-12T11:11:47","slug":"doda-na-premierze-filmu-kurier","status":"publish","type":"post","link":"https:\/\/pl.doda-music.com\/index.php\/2019\/03\/doda-na-premierze-filmu-kurier\/","title":{"rendered":"Doda na premierze filmu &#8220;Kurier&#8221;"},"content":{"rendered":"\n<p>Wczoraj Doda pojawi\u0142a si\u0119 na premierze najnowszego filmu W\u0142adys\u0142awa Pasikowskiego, &#8220;Kurier&#8221;. Artystka, kt\u00f3rej towarzyszy\u0142 m\u0105\u017c, postawi\u0142a na biel. Jak Wam si\u0119 podoba ten look? <\/p>\n\n\n\n<p>Zdj\u0119cia znajdziecie m.in. na:<\/p>\n\n\n\n<p><a href=\"http:\/\/party.pl\/newsy\/doda-na-premierze-filmu-kurier-stylizacja-118492-r1\/\">party.pl<\/a><\/p>\n\n\n\n<p><a href=\"https:\/\/plejada.pl\/zdjecia-gwiazd\/doda-w-bialej-kreacji-i-emil-stepien-na-premierze-filmu-kurier-zdjecia\/6g0hhgf#slajd-2\">plejada.pl<\/a><\/p>\n\n\n\n<p><a href=\"https:\/\/www.kozaczek.pl\/elegancka-doda-w-peruce-zrobila-furore-na-salonach-zdjecia\/\">kozaczek.pl<\/a><\/p>\n\n\n\n<p><a href=\"http:\/\/www.plotek.pl\/plotek\/56,79592,24539411,s.html\">plotek.pl<\/a><\/p>\n\n\n\n<p><a href=\"http:\/\/viva.pl\/ludzie\/newsy\/doda-kalczynska-zamachowska-gwiazdy-na-premierze-filmu-kurier-32874-r3\/\">viva.pl<\/a><\/p>\n\n\n\n<p><a href=\"https:\/\/www.pudelek.pl\/artykul\/143604\/gwiazdy_na_premierze_filmu_kurier_doda_monika_zamachowska_joanna_horodynska_cezary_pazura_zdjecia_s\/foto_1\">pudelek.pl<\/a><\/p>\n\n\n\n<p>PS: A na Kr\u00f3lewskim Instagramie w\u0142a\u015bnie wybi\u0142o ponad 700 tysi\u0119cy obserwuj\u0105cych. Gratulujemy! Doda jest obecnie w czo\u0142\u00f3wce polskich muzyk\u00f3w na tym portalu spo\u0142eczno\u015bciowym.<\/p>\n\n\n\n<div class=\"wp-block-image\"><figure class=\"aligncenter\"><img loading=\"lazy\" decoding=\"async\" width=\"500\" height=\"303\" src=\"http:\/\/pl.doda-music.com\/wp-content\/uploads\/2019\/03\/instagramdody-500x303.png\" alt=\"\" class=\"wp-image-17552\" srcset=\"https:\/\/pl.doda-music.com\/wp-content\/uploads\/2019\/03\/instagramdody-500x303.png 500w, https:\/\/pl.doda-music.com\/wp-content\/uploads\/2019\/03\/instagramdody-300x182.png 300w, https:\/\/pl.doda-music.com\/wp-content\/uploads\/2019\/03\/instagramdody-768x465.png 768w, https:\/\/pl.doda-music.com\/wp-content\/uploads\/2019\/03\/instagramdody.png 889w\" sizes=\"(max-width: 500px) 100vw, 500px\" \/><\/figure><\/div>\n","protected":false},"excerpt":{"rendered":"<p>Wczoraj Doda pojawi\u0142a si\u0119 na premierze najnowszego filmu W\u0142adys\u0142awa Pasikowskiego, &#8220;Kurier&#8221;. Artystka, kt\u00f3rej towarzyszy\u0142 m\u0105\u017c, postawi\u0142a na biel. Jak Wam si\u0119 podoba ten look? Zdj\u0119cia znajdziecie m.in. na: party.pl plejada.pl kozaczek.pl plotek.pl viva.pl pudelek.pl PS: A na Kr\u00f3lewskim Instagramie w\u0142a\u015bnie wybi\u0142o ponad 700 tysi\u0119cy obserwuj\u0105cych. Gratulujemy! Doda jest obecnie w czo\u0142\u00f3wce polskich muzyk\u00f3w na tym&#8230; <\/p>\n<div class=\"link-more\"><a href=\"https:\/\/pl.doda-music.com\/index.php\/2019\/03\/doda-na-premierze-filmu-kurier\/\">Read More<\/a><\/div>\n","protected":false},"author":1,"featured_media":17551,"comment_status":"open","ping_status":"closed","sticky":false,"template":"","format":"standard","meta":{"footnotes":""},"categories":[135],"tags":[],"_links":{"self":[{"href":"https:\/\/pl.doda-music.com\/index.php\/wp-json\/wp\/v2\/posts\/17550"}],"collection":[{"href":"https:\/\/pl.doda-music.com\/index.php\/wp-json\/wp\/v2\/posts"}],"about":[{"href":"https:\/\/pl.doda-music.com\/index.php\/wp-json\/wp\/v2\/types\/post"}],"author":[{"embeddable":true,"href":"https:\/\/pl.doda-music.com\/index.php\/wp-json\/wp\/v2\/users\/1"}],"replies":[{"embeddable":true,"href":"https:\/\/pl.doda-music.com\/index.php\/wp-json\/wp\/v2\/comments?post=17550"}],"version-history":[{"count":1,"href":"https:\/\/pl.doda-music.com\/index.php\/wp-json\/wp\/v2\/posts\/17550\/revisions"}],"predecessor-version":[{"id":17553,"href":"https:\/\/pl.doda-music.com\/index.php\/wp-json\/wp\/v2\/posts\/17550\/revisions\/17553"}],"wp:featuredmedia":[{"embeddable":true,"href":"https:\/\/pl.doda-music.com\/index.php\/wp-json\/wp\/v2\/media\/17551"}],"wp:attachment":[{"href":"https:\/\/pl.doda-music.com\/index.php\/wp-json\/wp\/v2\/media?parent=17550"}],"wp:term":[{"taxonomy":"category","embeddable":true,"href":"https:\/\/pl.doda-music.com\/index.php\/wp-json\/wp\/v2\/categories?post=17550"},{"taxonomy":"post_tag","embeddable":true,"href":"https:\/\/pl.doda-music.com\/index.php\/wp-json\/wp\/v2\/tags?post=17550"}],"curies":[{"name":"wp","href":"https:\/\/api.w.org\/{rel}","templated":true}]}}