{"id":17541,"date":"2019-03-05T09:01:20","date_gmt":"2019-03-05T08:01:20","guid":{"rendered":"http:\/\/pl.doda-music.com\/?p=17541"},"modified":"2019-03-05T09:01:20","modified_gmt":"2019-03-05T08:01:20","slug":"dorota-na-winylu-w-przedsprzedazy","status":"publish","type":"post","link":"https:\/\/pl.doda-music.com\/index.php\/2019\/03\/dorota-na-winylu-w-przedsprzedazy\/","title":{"rendered":"&#8220;Dorota&#8221; na winylu w przedsprzeda\u017cy"},"content":{"rendered":"\n<p>Na stronie Empiku pojawi\u0142a si\u0119 nie lada gratka dla fan\u00f3w Dody &#8211; po raz pierwszy album Dody zostanie wydany nie tylko w formie CD i digital, ale tak\u017ce&#8230; jako winyl! Serdecznie zach\u0119camy Was do wchodzenia <a href=\"https:\/\/www.empik.com\/dorota-doda,p1223259398,muzyka-p\">TUTAJ<\/a> i zamawiania swoich egzemplarzy. <\/p>\n\n\n\n<div class=\"wp-block-image\"><figure class=\"aligncenter\"><img loading=\"lazy\" decoding=\"async\" width=\"500\" height=\"366\" src=\"http:\/\/pl.doda-music.com\/wp-content\/uploads\/2019\/03\/gf-WPdX-TSRh-6Zf2_doda-dorota-rabczawska-zdjecia-do-teledysku-nie-mam-dokad-wracac-1920x1080-nocrop-500x366.jpg\" alt=\"\" class=\"wp-image-17543\" srcset=\"https:\/\/pl.doda-music.com\/wp-content\/uploads\/2019\/03\/gf-WPdX-TSRh-6Zf2_doda-dorota-rabczawska-zdjecia-do-teledysku-nie-mam-dokad-wracac-1920x1080-nocrop-500x366.jpg 500w, https:\/\/pl.doda-music.com\/wp-content\/uploads\/2019\/03\/gf-WPdX-TSRh-6Zf2_doda-dorota-rabczawska-zdjecia-do-teledysku-nie-mam-dokad-wracac-1920x1080-nocrop-300x219.jpg 300w, https:\/\/pl.doda-music.com\/wp-content\/uploads\/2019\/03\/gf-WPdX-TSRh-6Zf2_doda-dorota-rabczawska-zdjecia-do-teledysku-nie-mam-dokad-wracac-1920x1080-nocrop-768x562.jpg 768w, https:\/\/pl.doda-music.com\/wp-content\/uploads\/2019\/03\/gf-WPdX-TSRh-6Zf2_doda-dorota-rabczawska-zdjecia-do-teledysku-nie-mam-dokad-wracac-1920x1080-nocrop.jpg 1920w\" sizes=\"(max-width: 500px) 100vw, 500px\" \/><\/figure><\/div>\n\n\n\n<p>Mamy te\u017c dobr\u0105 i z\u0142\u0105 wiadomo\u015b\u0107 dla wszystkich fan\u00f3w Dody w Lublinie. Z\u0142a &#8211; nie dostaniecie ju\u017c bilet\u00f3w na jej koncert z orkiestr\u0105 w Filharmonii. Dobra &#8211; dlatego, \u017ce wszystkie zosta\u0142y wyprzedane!<\/p>\n\n\n\n<div class=\"wp-block-image\"><figure class=\"aligncenter\"><img loading=\"lazy\" decoding=\"async\" width=\"500\" height=\"212\" src=\"http:\/\/pl.doda-music.com\/wp-content\/uploads\/2019\/03\/filharmonia-500x212.jpg\" alt=\"\" class=\"wp-image-17544\" srcset=\"https:\/\/pl.doda-music.com\/wp-content\/uploads\/2019\/03\/filharmonia-500x212.jpg 500w, https:\/\/pl.doda-music.com\/wp-content\/uploads\/2019\/03\/filharmonia-300x127.jpg 300w, https:\/\/pl.doda-music.com\/wp-content\/uploads\/2019\/03\/filharmonia-768x325.jpg 768w, https:\/\/pl.doda-music.com\/wp-content\/uploads\/2019\/03\/filharmonia.jpg 1244w\" sizes=\"(max-width: 500px) 100vw, 500px\" \/><\/figure><\/div>\n\n\n\n<p>Zawsze jednak mo\u017cecie wybra\u0107 si\u0119 na  wycieczk\u0119 do Warszawy &#8211; ju\u017c 21. marca Doda zagra tam najwa\u017cniejszy koncert swojej kariery &#8211; na Torwarze. Bilety dost\u0119pne s\u0105 m.in. na <a href=\"https:\/\/sklep.ebilet.pl\/13229323905400871\">ebilet.pl<\/a>, <a href=\"https:\/\/abilet.pl\/sala\/doda-z-orkiestra-5122\">abilet.pl<\/a> i <a href=\"https:\/\/www.ticketmaster.pl\/event\/doda-z-orkiestra-bilety\/10829\">ticketmaster.pl<\/a>.<\/p>\n","protected":false},"excerpt":{"rendered":"<p>Na stronie Empiku pojawi\u0142a si\u0119 nie lada gratka dla fan\u00f3w Dody &#8211; po raz pierwszy album Dody zostanie wydany nie tylko w formie CD i digital, ale tak\u017ce&#8230; jako winyl! Serdecznie zach\u0119camy Was do wchodzenia TUTAJ i zamawiania swoich egzemplarzy. Mamy te\u017c dobr\u0105 i z\u0142\u0105 wiadomo\u015b\u0107 dla wszystkich fan\u00f3w Dody w Lublinie. Z\u0142a &#8211; nie&#8230; <\/p>\n<div class=\"link-more\"><a href=\"https:\/\/pl.doda-music.com\/index.php\/2019\/03\/dorota-na-winylu-w-przedsprzedazy\/\">Read More<\/a><\/div>\n","protected":false},"author":1,"featured_media":17542,"comment_status":"open","ping_status":"closed","sticky":false,"template":"","format":"standard","meta":{"footnotes":""},"categories":[9,35],"tags":[],"_links":{"self":[{"href":"https:\/\/pl.doda-music.com\/index.php\/wp-json\/wp\/v2\/posts\/17541"}],"collection":[{"href":"https:\/\/pl.doda-music.com\/index.php\/wp-json\/wp\/v2\/posts"}],"about":[{"href":"https:\/\/pl.doda-music.com\/index.php\/wp-json\/wp\/v2\/types\/post"}],"author":[{"embeddable":true,"href":"https:\/\/pl.doda-music.com\/index.php\/wp-json\/wp\/v2\/users\/1"}],"replies":[{"embeddable":true,"href":"https:\/\/pl.doda-music.com\/index.php\/wp-json\/wp\/v2\/comments?post=17541"}],"version-history":[{"count":1,"href":"https:\/\/pl.doda-music.com\/index.php\/wp-json\/wp\/v2\/posts\/17541\/revisions"}],"predecessor-version":[{"id":17545,"href":"https:\/\/pl.doda-music.com\/index.php\/wp-json\/wp\/v2\/posts\/17541\/revisions\/17545"}],"wp:featuredmedia":[{"embeddable":true,"href":"https:\/\/pl.doda-music.com\/index.php\/wp-json\/wp\/v2\/media\/17542"}],"wp:attachment":[{"href":"https:\/\/pl.doda-music.com\/index.php\/wp-json\/wp\/v2\/media?parent=17541"}],"wp:term":[{"taxonomy":"category","embeddable":true,"href":"https:\/\/pl.doda-music.com\/index.php\/wp-json\/wp\/v2\/categories?post=17541"},{"taxonomy":"post_tag","embeddable":true,"href":"https:\/\/pl.doda-music.com\/index.php\/wp-json\/wp\/v2\/tags?post=17541"}],"curies":[{"name":"wp","href":"https:\/\/api.w.org\/{rel}","templated":true}]}}