{"id":17377,"date":"2018-08-28T11:41:56","date_gmt":"2018-08-28T10:41:56","guid":{"rendered":"http:\/\/pl.doda-music.com\/?p=17377"},"modified":"2018-08-28T11:41:56","modified_gmt":"2018-08-28T10:41:56","slug":"nowe-wywiady-z-doda","status":"publish","type":"post","link":"https:\/\/pl.doda-music.com\/index.php\/2018\/08\/nowe-wywiady-z-doda\/","title":{"rendered":"Nowe wywiady z Dod\u0105"},"content":{"rendered":"<p>W ostatnich dniach pojawi\u0142y si\u0119 dwa d\u0142ugie wywiady z Dod\u0105. Piosenarka spotka\u0142a si\u0119 z dziennikarzem Piotrem Grabarczykiem w jego programie #zorientowani, gdzie poruszy\u0142a tematy zwi\u0105zane z LGBT i Ko\u015bcio\u0142em. Pierwsza cz\u0119\u015b\u0107 wywiadu ju\u017c na Youtube, druga cz\u0119\u015b\u0107 ju\u017c za dwa dni!<\/p>\n<p><center><iframe loading=\"lazy\" width=\"560\" height=\"315\" src=\"https:\/\/www.youtube.com\/embed\/YeZTEKgwCSc\" frameborder=\"0\" allow=\"autoplay; encrypted-media\" allowfullscreen><\/iframe><\/center><\/p>\n<p>Kolejnego wywiadu Artystka udzieli\u0142a magazynowi Gala i skomentowa\u0142a wszystkie najnowsze wydarzenia ze swojego \u017cycia oraz wypowiedzia\u0142a si\u0119 na tematy showbiznesowe. <\/p>\n<p><center><iframe loading=\"lazy\" width=\"560\" height=\"315\" src=\"https:\/\/www.youtube.com\/embed\/JR8W6Dp5koA\" frameborder=\"0\" allow=\"autoplay; encrypted-media\" allowfullscreen><\/iframe><\/p>\n<p><iframe loading=\"lazy\" width=\"560\" height=\"315\" src=\"https:\/\/www.youtube.com\/embed\/uLKan_GT_4o\" frameborder=\"0\" allow=\"autoplay; encrypted-media\" allowfullscreen><\/iframe><\/p>\n<p><iframe loading=\"lazy\" width=\"560\" height=\"315\" src=\"https:\/\/www.youtube.com\/embed\/KTPdx0fEHWk\" frameborder=\"0\" allow=\"autoplay; encrypted-media\" allowfullscreen><\/iframe><\/center><\/p>\n","protected":false},"excerpt":{"rendered":"<p>W ostatnich dniach pojawi\u0142y si\u0119 dwa d\u0142ugie wywiady z Dod\u0105. Piosenarka spotka\u0142a si\u0119 z dziennikarzem Piotrem Grabarczykiem w jego programie #zorientowani, gdzie poruszy\u0142a tematy zwi\u0105zane z LGBT i Ko\u015bcio\u0142em. Pierwsza cz\u0119\u015b\u0107 wywiadu ju\u017c na Youtube, druga cz\u0119\u015b\u0107 ju\u017c za dwa dni! Kolejnego wywiadu Artystka udzieli\u0142a magazynowi Gala i skomentowa\u0142a wszystkie najnowsze wydarzenia ze swojego \u017cycia&#8230; <\/p>\n<div class=\"link-more\"><a href=\"https:\/\/pl.doda-music.com\/index.php\/2018\/08\/nowe-wywiady-z-doda\/\">Read More<\/a><\/div>\n","protected":false},"author":1,"featured_media":17378,"comment_status":"open","ping_status":"closed","sticky":false,"template":"","format":"standard","meta":{"footnotes":""},"categories":[18],"tags":[],"_links":{"self":[{"href":"https:\/\/pl.doda-music.com\/index.php\/wp-json\/wp\/v2\/posts\/17377"}],"collection":[{"href":"https:\/\/pl.doda-music.com\/index.php\/wp-json\/wp\/v2\/posts"}],"about":[{"href":"https:\/\/pl.doda-music.com\/index.php\/wp-json\/wp\/v2\/types\/post"}],"author":[{"embeddable":true,"href":"https:\/\/pl.doda-music.com\/index.php\/wp-json\/wp\/v2\/users\/1"}],"replies":[{"embeddable":true,"href":"https:\/\/pl.doda-music.com\/index.php\/wp-json\/wp\/v2\/comments?post=17377"}],"version-history":[{"count":1,"href":"https:\/\/pl.doda-music.com\/index.php\/wp-json\/wp\/v2\/posts\/17377\/revisions"}],"predecessor-version":[{"id":17379,"href":"https:\/\/pl.doda-music.com\/index.php\/wp-json\/wp\/v2\/posts\/17377\/revisions\/17379"}],"wp:featuredmedia":[{"embeddable":true,"href":"https:\/\/pl.doda-music.com\/index.php\/wp-json\/wp\/v2\/media\/17378"}],"wp:attachment":[{"href":"https:\/\/pl.doda-music.com\/index.php\/wp-json\/wp\/v2\/media?parent=17377"}],"wp:term":[{"taxonomy":"category","embeddable":true,"href":"https:\/\/pl.doda-music.com\/index.php\/wp-json\/wp\/v2\/categories?post=17377"},{"taxonomy":"post_tag","embeddable":true,"href":"https:\/\/pl.doda-music.com\/index.php\/wp-json\/wp\/v2\/tags?post=17377"}],"curies":[{"name":"wp","href":"https:\/\/api.w.org\/{rel}","templated":true}]}}