{"id":1726,"date":"2010-09-28T11:04:07","date_gmt":"2010-09-28T09:04:07","guid":{"rendered":"http:\/\/pl.doda-music.com\/?p=1726"},"modified":"2010-09-28T11:04:07","modified_gmt":"2010-09-28T09:04:07","slug":"wspolnie-przeciw-bialaczce","status":"publish","type":"post","link":"https:\/\/pl.doda-music.com\/index.php\/2010\/09\/wspolnie-przeciw-bialaczce\/","title":{"rendered":"Wsp\u00f3lnie przeciw bia\u0142aczce"},"content":{"rendered":"<p><center><img decoding=\"async\" src=\"http:\/\/i38.tinypic.com\/359e5v6.png\"><\/center><\/p>\n<p>Informowali\u015bmy ju\u017c o akcji fan\u00f3w Dody &#8220;Wsp\u00f3lnie przeciw bia\u0142aczce&#8221;. Dzi\u015b rusza chyba najwa\u017cniejszy jej etap, kt\u00f3ry potrwa przez tydzie\u0144. Zorganizowane grupy b\u0119d\u0105 rozdawa\u0107 ulotki oraz rozwiesza\u0107 plakaty w wielu polskich miastach. Stopie\u0144 organizacji oraz zaanga\u017cowania fan\u00f3w jest NIESAMOWITY! Prawdopodobnie tylko Wy jeste\u015bcie tak\u0105 si\u0142\u0105 w Polsce :) Szczeg\u00f3\u0142y akcji oczywi\u015bcie na <a href=\"http:\/\/najdodowiej.blog4u.pl\/komentarze-538675-fani-dody-dla-adama-darskiego-od-2809-do-04102010r.html\" target=\"_blank\">NajDodowiej<\/a>. Czekamy na zdj\u0119cia!<\/p>\n<p> Od nas serdeczne gratulacje dla organizator\u00f3w oraz wszystkich, kt\u00f3rzy zaanga\u017cowali si\u0119 w akcj\u0119. Jeste\u015bcie niesamowici :)<\/p>\n","protected":false},"excerpt":{"rendered":"<p>Informowali\u015bmy ju\u017c o akcji fan\u00f3w Dody &#8220;Wsp\u00f3lnie przeciw bia\u0142aczce&#8221;. Dzi\u015b rusza chyba najwa\u017cniejszy jej etap, kt\u00f3ry potrwa przez tydzie\u0144. Zorganizowane grupy b\u0119d\u0105 rozdawa\u0107 ulotki oraz rozwiesza\u0107 plakaty w wielu polskich miastach. Stopie\u0144 organizacji oraz zaanga\u017cowania fan\u00f3w jest NIESAMOWITY! Prawdopodobnie tylko Wy jeste\u015bcie tak\u0105 si\u0142\u0105 w Polsce :) Szczeg\u00f3\u0142y akcji oczywi\u015bcie na NajDodowiej. Czekamy na zdj\u0119cia!&#8230; <\/p>\n<div class=\"link-more\"><a href=\"https:\/\/pl.doda-music.com\/index.php\/2010\/09\/wspolnie-przeciw-bialaczce\/\">Read More<\/a><\/div>\n","protected":false},"author":1,"featured_media":0,"comment_status":"open","ping_status":"open","sticky":false,"template":"","format":"standard","meta":{"footnotes":""},"categories":[28],"tags":[],"_links":{"self":[{"href":"https:\/\/pl.doda-music.com\/index.php\/wp-json\/wp\/v2\/posts\/1726"}],"collection":[{"href":"https:\/\/pl.doda-music.com\/index.php\/wp-json\/wp\/v2\/posts"}],"about":[{"href":"https:\/\/pl.doda-music.com\/index.php\/wp-json\/wp\/v2\/types\/post"}],"author":[{"embeddable":true,"href":"https:\/\/pl.doda-music.com\/index.php\/wp-json\/wp\/v2\/users\/1"}],"replies":[{"embeddable":true,"href":"https:\/\/pl.doda-music.com\/index.php\/wp-json\/wp\/v2\/comments?post=1726"}],"version-history":[{"count":1,"href":"https:\/\/pl.doda-music.com\/index.php\/wp-json\/wp\/v2\/posts\/1726\/revisions"}],"predecessor-version":[{"id":1727,"href":"https:\/\/pl.doda-music.com\/index.php\/wp-json\/wp\/v2\/posts\/1726\/revisions\/1727"}],"wp:attachment":[{"href":"https:\/\/pl.doda-music.com\/index.php\/wp-json\/wp\/v2\/media?parent=1726"}],"wp:term":[{"taxonomy":"category","embeddable":true,"href":"https:\/\/pl.doda-music.com\/index.php\/wp-json\/wp\/v2\/categories?post=1726"},{"taxonomy":"post_tag","embeddable":true,"href":"https:\/\/pl.doda-music.com\/index.php\/wp-json\/wp\/v2\/tags?post=1726"}],"curies":[{"name":"wp","href":"https:\/\/api.w.org\/{rel}","templated":true}]}}