{"id":17167,"date":"2017-02-01T19:58:03","date_gmt":"2017-02-01T18:58:03","guid":{"rendered":"http:\/\/pl.doda-music.com\/?p=17167"},"modified":"2017-02-01T19:58:45","modified_gmt":"2017-02-01T18:58:45","slug":"telekamery-2017-nowy-produkt-w-sklepiku","status":"publish","type":"post","link":"https:\/\/pl.doda-music.com\/index.php\/2017\/02\/telekamery-2017-nowy-produkt-w-sklepiku\/","title":{"rendered":"Telekamery 2017 | Nowy produkt w sklepiku"},"content":{"rendered":"<p>W miniony poniedzia\u0142ek w warszawskich Arkadach Kubickiego odby\u0142a si\u0119 jubileuszowa XX gala wr\u0119czenia Telekamer. Na miejscu nie zabrak\u0142o r\u00f3wnie\u017c Dody &#8211; laureatki dw\u00f3ch statuetek. Zobaczcie zdj\u0119cia:<\/p>\n<p><a href=\"http:\/\/www.radiozet.pl\/Rozrywka\/O-tym-sie-mowi\/Doda-na-Telekamerach-00036117\">RadioZet<br \/>\n<\/a><a href=\"http:\/\/gwiazdy.wp.pl\/telekamery-2017-doda-w-nowej-fryzurze-na-gali-zakopala-wojenny-topor-6086102971679873g\">Gwiazdy WP<br \/>\n<\/a><a href=\"http:\/\/party.pl\/styl-gwiazd\/fryzury-gwiazd\/doda-na-telekamerach-2017-w-nowej-fryzurze-jak-wyglada-zdjecia-26240-r3\/\">Party.pl<br \/>\n<\/a><a href=\"http:\/\/muzyka.onet.pl\/pop\/telekamery-2017-doda-w-przepieknej-kreacji-na-czerwonym-dywanie\/whbbm4\">Onet<\/a><\/p>\n<p>Z kolei w sklepiku internetowym pojawi\u0142 si\u0119 nowy produkt &#8211; lateksowe ramoneski &#8211; kt\u00f3re Doda na swoim Facebooku reklamuje tak: <em> Supergad\u017cet dla ka\u017cdego fana \u2013 kurtki s\u0105 unisex oraz onesize, wi\u0119c nie musicie si\u0119 martwi\u0107 o rozmiar\u00f3wki <span class=\"_5mfr _47e3\"><img loading=\"lazy\" decoding=\"async\" class=\"img\" src=\"https:\/\/www.facebook.com\/images\/emoji.php\/v7\/f57\/1\/16\/1f609.png\" alt=\"\" width=\"16\" height=\"16\" \/><\/span>\u00a0 To ma\u0142a przedurodzinowa niespodzianka dla moich fan\u00f3w! Ale to nie koniec\u2026. Dla 10 os\u00f3b, kt\u00f3re zakupi\u0105 ten produkt przewidziane jest\u2026 Zaproszenie na moj\u0105 urodzinow\u0105 imprez\u0119, kt\u00f3ra odb\u0119dzie si\u0119 ju\u017c 15 lutego!<\/em><\/p>\n<p><a href=\"http:\/\/pl.doda-music.com\/wp-content\/uploads\/2017\/02\/lateksowa-ramoneska-z-logo-virgin.jpg\"><img loading=\"lazy\" decoding=\"async\" class=\"aligncenter size-large wp-image-17168\" src=\"http:\/\/pl.doda-music.com\/wp-content\/uploads\/2017\/02\/lateksowa-ramoneska-z-logo-virgin-500x500.jpg\" alt=\"lateksowa-ramoneska-z-logo-virgin\" width=\"500\" height=\"500\" srcset=\"https:\/\/pl.doda-music.com\/wp-content\/uploads\/2017\/02\/lateksowa-ramoneska-z-logo-virgin-500x500.jpg 500w, https:\/\/pl.doda-music.com\/wp-content\/uploads\/2017\/02\/lateksowa-ramoneska-z-logo-virgin-150x150.jpg 150w, https:\/\/pl.doda-music.com\/wp-content\/uploads\/2017\/02\/lateksowa-ramoneska-z-logo-virgin-300x300.jpg 300w, https:\/\/pl.doda-music.com\/wp-content\/uploads\/2017\/02\/lateksowa-ramoneska-z-logo-virgin-144x144.jpg 144w, https:\/\/pl.doda-music.com\/wp-content\/uploads\/2017\/02\/lateksowa-ramoneska-z-logo-virgin.jpg 600w\" sizes=\"(max-width: 500px) 100vw, 500px\" \/><\/a><\/p>\n<p>Kupicie? :)<\/p>\n<p>&nbsp;<\/p>\n","protected":false},"excerpt":{"rendered":"<p>W miniony poniedzia\u0142ek w warszawskich Arkadach Kubickiego odby\u0142a si\u0119 jubileuszowa XX gala wr\u0119czenia Telekamer. Na miejscu nie zabrak\u0142o r\u00f3wnie\u017c Dody &#8211; laureatki dw\u00f3ch statuetek. Zobaczcie zdj\u0119cia: RadioZet Gwiazdy WP Party.pl Onet Z kolei w sklepiku internetowym pojawi\u0142 si\u0119 nowy produkt &#8211; lateksowe ramoneski &#8211; kt\u00f3re Doda na swoim Facebooku reklamuje tak: Supergad\u017cet dla ka\u017cdego fana&#8230; <\/p>\n<div class=\"link-more\"><a href=\"https:\/\/pl.doda-music.com\/index.php\/2017\/02\/telekamery-2017-nowy-produkt-w-sklepiku\/\">Read More<\/a><\/div>\n","protected":false},"author":12,"featured_media":17169,"comment_status":"open","ping_status":"closed","sticky":false,"template":"","format":"standard","meta":{"footnotes":""},"categories":[58,25],"tags":[],"_links":{"self":[{"href":"https:\/\/pl.doda-music.com\/index.php\/wp-json\/wp\/v2\/posts\/17167"}],"collection":[{"href":"https:\/\/pl.doda-music.com\/index.php\/wp-json\/wp\/v2\/posts"}],"about":[{"href":"https:\/\/pl.doda-music.com\/index.php\/wp-json\/wp\/v2\/types\/post"}],"author":[{"embeddable":true,"href":"https:\/\/pl.doda-music.com\/index.php\/wp-json\/wp\/v2\/users\/12"}],"replies":[{"embeddable":true,"href":"https:\/\/pl.doda-music.com\/index.php\/wp-json\/wp\/v2\/comments?post=17167"}],"version-history":[{"count":3,"href":"https:\/\/pl.doda-music.com\/index.php\/wp-json\/wp\/v2\/posts\/17167\/revisions"}],"predecessor-version":[{"id":17172,"href":"https:\/\/pl.doda-music.com\/index.php\/wp-json\/wp\/v2\/posts\/17167\/revisions\/17172"}],"wp:featuredmedia":[{"embeddable":true,"href":"https:\/\/pl.doda-music.com\/index.php\/wp-json\/wp\/v2\/media\/17169"}],"wp:attachment":[{"href":"https:\/\/pl.doda-music.com\/index.php\/wp-json\/wp\/v2\/media?parent=17167"}],"wp:term":[{"taxonomy":"category","embeddable":true,"href":"https:\/\/pl.doda-music.com\/index.php\/wp-json\/wp\/v2\/categories?post=17167"},{"taxonomy":"post_tag","embeddable":true,"href":"https:\/\/pl.doda-music.com\/index.php\/wp-json\/wp\/v2\/tags?post=17167"}],"curies":[{"name":"wp","href":"https:\/\/api.w.org\/{rel}","templated":true}]}}