{"id":17162,"date":"2017-01-20T22:12:56","date_gmt":"2017-01-20T21:12:56","guid":{"rendered":"http:\/\/pl.doda-music.com\/?p=17162"},"modified":"2017-01-20T22:12:56","modified_gmt":"2017-01-20T21:12:56","slug":"koncert-wosp-w-lubinie-doda-na-sympozjum","status":"publish","type":"post","link":"https:\/\/pl.doda-music.com\/index.php\/2017\/01\/koncert-wosp-w-lubinie-doda-na-sympozjum\/","title":{"rendered":"Koncert WO\u015aP w Lubinie | Doda na sympozjum"},"content":{"rendered":"<p>W minion\u0105 niedziel\u0119 Doda i Virgin u\u015bwietnili swoim wyst\u0119pem<strong> 25. Fina\u0142 Wielkiej Orkiestry \u015awi\u0105tecznej Pomocy<\/strong>. Koncert w Lubinie przyci\u0105gn\u0105\u0142 t\u0142umy. Po wyst\u0119pie fani mogli poprosi\u0107 o autograf na najnowszej p\u0142ycie zespo\u0142u. Zobaczcie multimedia z tego wydarzenia:<\/p>\n<p><a>LubinExtra<\/a><br \/>\n<a>Party<\/a><br \/>\n<a>ELegnickie<\/a><\/p>\n<p><iframe loading=\"lazy\" title=\"Kulturalne Rozmowy - Doda i Virgin\" width=\"1000\" height=\"563\" src=\"https:\/\/www.youtube.com\/embed\/DxULUL-4l10?feature=oembed\" frameborder=\"0\" allow=\"accelerometer; autoplay; clipboard-write; encrypted-media; gyroscope; picture-in-picture\" allowfullscreen><\/iframe><\/p>\n<p>A dzi\u015b w Szczyrku odby\u0142o si\u0119 44. <strong>Sympozjum &#8220;Wsp\u00f3\u0142czesna Gospodarka i Administracja Publiczna&#8221;<\/strong>. Go\u015bciem panelu prowadzonego przez Krzysztofa Matern\u0119 by\u0142a Doda.<\/p>\n<p><a href=\"http:\/\/pl.doda-music.com\/wp-content\/uploads\/2017\/01\/16143077_1373605606018052_5884600335875657139_n.jpg\"><img loading=\"lazy\" decoding=\"async\" class=\"aligncenter size-large wp-image-17163\" src=\"http:\/\/pl.doda-music.com\/wp-content\/uploads\/2017\/01\/16143077_1373605606018052_5884600335875657139_n-500x500.jpg\" alt=\"16143077_1373605606018052_5884600335875657139_n\" width=\"500\" height=\"500\" srcset=\"https:\/\/pl.doda-music.com\/wp-content\/uploads\/2017\/01\/16143077_1373605606018052_5884600335875657139_n-500x500.jpg 500w, https:\/\/pl.doda-music.com\/wp-content\/uploads\/2017\/01\/16143077_1373605606018052_5884600335875657139_n-150x150.jpg 150w, https:\/\/pl.doda-music.com\/wp-content\/uploads\/2017\/01\/16143077_1373605606018052_5884600335875657139_n-300x300.jpg 300w, https:\/\/pl.doda-music.com\/wp-content\/uploads\/2017\/01\/16143077_1373605606018052_5884600335875657139_n-144x144.jpg 144w, https:\/\/pl.doda-music.com\/wp-content\/uploads\/2017\/01\/16143077_1373605606018052_5884600335875657139_n-900x900.jpg 900w, https:\/\/pl.doda-music.com\/wp-content\/uploads\/2017\/01\/16143077_1373605606018052_5884600335875657139_n.jpg 960w\" sizes=\"(max-width: 500px) 100vw, 500px\" \/><\/a><\/p>\n","protected":false},"excerpt":{"rendered":"<p>W minion\u0105 niedziel\u0119 Doda i Virgin u\u015bwietnili swoim wyst\u0119pem 25. Fina\u0142 Wielkiej Orkiestry \u015awi\u0105tecznej Pomocy. Koncert w Lubinie przyci\u0105gn\u0105\u0142 t\u0142umy. Po wyst\u0119pie fani mogli poprosi\u0107 o autograf na najnowszej p\u0142ycie zespo\u0142u. Zobaczcie multimedia z tego wydarzenia: LubinExtra Party ELegnickie A dzi\u015b w Szczyrku odby\u0142o si\u0119 44. Sympozjum &#8220;Wsp\u00f3\u0142czesna Gospodarka i Administracja Publiczna&#8221;. Go\u015bciem panelu prowadzonego&#8230; <\/p>\n<div class=\"link-more\"><a href=\"https:\/\/pl.doda-music.com\/index.php\/2017\/01\/koncert-wosp-w-lubinie-doda-na-sympozjum\/\">Read More<\/a><\/div>\n","protected":false},"author":12,"featured_media":17164,"comment_status":"open","ping_status":"closed","sticky":false,"template":"","format":"standard","meta":{"footnotes":""},"categories":[43,28,23,10,8],"tags":[],"_links":{"self":[{"href":"https:\/\/pl.doda-music.com\/index.php\/wp-json\/wp\/v2\/posts\/17162"}],"collection":[{"href":"https:\/\/pl.doda-music.com\/index.php\/wp-json\/wp\/v2\/posts"}],"about":[{"href":"https:\/\/pl.doda-music.com\/index.php\/wp-json\/wp\/v2\/types\/post"}],"author":[{"embeddable":true,"href":"https:\/\/pl.doda-music.com\/index.php\/wp-json\/wp\/v2\/users\/12"}],"replies":[{"embeddable":true,"href":"https:\/\/pl.doda-music.com\/index.php\/wp-json\/wp\/v2\/comments?post=17162"}],"version-history":[{"count":1,"href":"https:\/\/pl.doda-music.com\/index.php\/wp-json\/wp\/v2\/posts\/17162\/revisions"}],"predecessor-version":[{"id":17165,"href":"https:\/\/pl.doda-music.com\/index.php\/wp-json\/wp\/v2\/posts\/17162\/revisions\/17165"}],"wp:featuredmedia":[{"embeddable":true,"href":"https:\/\/pl.doda-music.com\/index.php\/wp-json\/wp\/v2\/media\/17164"}],"wp:attachment":[{"href":"https:\/\/pl.doda-music.com\/index.php\/wp-json\/wp\/v2\/media?parent=17162"}],"wp:term":[{"taxonomy":"category","embeddable":true,"href":"https:\/\/pl.doda-music.com\/index.php\/wp-json\/wp\/v2\/categories?post=17162"},{"taxonomy":"post_tag","embeddable":true,"href":"https:\/\/pl.doda-music.com\/index.php\/wp-json\/wp\/v2\/tags?post=17162"}],"curies":[{"name":"wp","href":"https:\/\/api.w.org\/{rel}","templated":true}]}}