{"id":16983,"date":"2016-08-02T23:04:35","date_gmt":"2016-08-02T22:04:35","guid":{"rendered":"http:\/\/pl.doda-music.com\/?p=16983"},"modified":"2016-08-02T23:05:07","modified_gmt":"2016-08-02T22:05:07","slug":"wegorzewo-i-radoszyce-multimedia","status":"publish","type":"post","link":"https:\/\/pl.doda-music.com\/index.php\/2016\/08\/wegorzewo-i-radoszyce-multimedia\/","title":{"rendered":"W\u0119gorzewo i Radoszyce &#8211; multimedia"},"content":{"rendered":"<p>W miniony weekend odby\u0142y si\u0119 dwa koncerty zorganizowana w ramach Anty Tour. W sobot\u0119 Doda wyst\u0105pi\u0142a w W\u0119gorzewie, z kolei dzie\u0144 p\u00f3\u017aniej bawi\u0142a si\u0119 z publiczno\u015bci\u0105 w Radoszycach.<\/p>\n<p><a href=\"http:\/\/pl.doda-music.com\/wp-content\/uploads\/2016\/08\/13872893_1203900376321910_5189489621365314285_n.jpg\"><img loading=\"lazy\" decoding=\"async\" class=\"aligncenter size-large wp-image-16984\" src=\"http:\/\/pl.doda-music.com\/wp-content\/uploads\/2016\/08\/13872893_1203900376321910_5189489621365314285_n-500x333.jpg\" alt=\"13872893_1203900376321910_5189489621365314285_n\" width=\"500\" height=\"333\" srcset=\"https:\/\/pl.doda-music.com\/wp-content\/uploads\/2016\/08\/13872893_1203900376321910_5189489621365314285_n-500x333.jpg 500w, https:\/\/pl.doda-music.com\/wp-content\/uploads\/2016\/08\/13872893_1203900376321910_5189489621365314285_n-300x200.jpg 300w, https:\/\/pl.doda-music.com\/wp-content\/uploads\/2016\/08\/13872893_1203900376321910_5189489621365314285_n-900x600.jpg 900w, https:\/\/pl.doda-music.com\/wp-content\/uploads\/2016\/08\/13872893_1203900376321910_5189489621365314285_n.jpg 960w\" sizes=\"(max-width: 500px) 100vw, 500px\" \/><\/a><\/p>\n<p>Podczas drugiego koncertu dosz\u0142o do wyj\u0105tkowej sytuacji, kt\u00f3r\u0105 Doda na swoim Facebooku opisa\u0142a tak:<\/p>\n<blockquote><p>Zapowiadaj\u0105c kolejn\u0105 piosenk\u0119 zobaczy\u0142am ze sceny wielki baner z napisem DODA, a pod nim &#8220;Czy pomo\u017cesz dzieciom?&#8221;. Spontanicznie zaprosi\u0142am fana na scen\u0119, \u017ceby opowiedzia\u0142 co i jak. Fan wbieg\u0142 do mnie z publiczno\u015bci i poprosi\u0142 o do\u0142\u0105czenie do artystycznej akcji, aby pom\u00f3c dzieciom z dom\u00f3w dziecka. Z wielkim entuzjazmem zgodzi\u0142am si\u0119. Ju\u017c w listopadzie efekty akcji. Dla chc\u0105cego nic trudnego<\/p><\/blockquote>\n<p>Zobaczcie zdj\u0119cia i filmy z tych koncert\u00f3w:<\/p>\n<ul>\n<li>\u00a0W\u0119gorzewo<br \/>\n<a href=\"https:\/\/www.facebook.com\/officialdoda\/posts\/1203902809655000\">Facebook Dody<\/a><br \/>\n<a href=\"http:\/\/wegorzewo.wm.pl\/88365-373888,Dni-Wegorzewa-Dzien-II,2344444.html\">W\u0119gorzewo.WM<\/a><\/li>\n<\/ul>\n<ul>\n<li>Radoszyce<br \/>\n<a href=\"https:\/\/www.facebook.com\/officialdoda\/posts\/1205276082851006\">Facebook Dody<\/a><br \/>\n<a href=\"http:\/\/www.polskatimes.pl\/kultura\/muzyka\/a\/koncert-dody-w-radoszycach-tysiace-fanow,10466392\/\">PolskaTimes<\/a><\/li>\n<\/ul>\n<p>https:\/\/www.youtube.com\/watch?v=P7g6dkLqQmM<\/p>\n","protected":false},"excerpt":{"rendered":"<p>W miniony weekend odby\u0142y si\u0119 dwa koncerty zorganizowana w ramach Anty Tour. W sobot\u0119 Doda wyst\u0105pi\u0142a w W\u0119gorzewie, z kolei dzie\u0144 p\u00f3\u017aniej bawi\u0142a si\u0119 z publiczno\u015bci\u0105 w Radoszycach. Podczas drugiego koncertu dosz\u0142o do wyj\u0105tkowej sytuacji, kt\u00f3r\u0105 Doda na swoim Facebooku opisa\u0142a tak: Zapowiadaj\u0105c kolejn\u0105 piosenk\u0119 zobaczy\u0142am ze sceny wielki baner z napisem DODA, a pod&#8230; <\/p>\n<div class=\"link-more\"><a href=\"https:\/\/pl.doda-music.com\/index.php\/2016\/08\/wegorzewo-i-radoszyce-multimedia\/\">Read More<\/a><\/div>\n","protected":false},"author":12,"featured_media":16985,"comment_status":"open","ping_status":"closed","sticky":false,"template":"","format":"standard","meta":{"footnotes":""},"categories":[9,10,8],"tags":[],"_links":{"self":[{"href":"https:\/\/pl.doda-music.com\/index.php\/wp-json\/wp\/v2\/posts\/16983"}],"collection":[{"href":"https:\/\/pl.doda-music.com\/index.php\/wp-json\/wp\/v2\/posts"}],"about":[{"href":"https:\/\/pl.doda-music.com\/index.php\/wp-json\/wp\/v2\/types\/post"}],"author":[{"embeddable":true,"href":"https:\/\/pl.doda-music.com\/index.php\/wp-json\/wp\/v2\/users\/12"}],"replies":[{"embeddable":true,"href":"https:\/\/pl.doda-music.com\/index.php\/wp-json\/wp\/v2\/comments?post=16983"}],"version-history":[{"count":3,"href":"https:\/\/pl.doda-music.com\/index.php\/wp-json\/wp\/v2\/posts\/16983\/revisions"}],"predecessor-version":[{"id":16988,"href":"https:\/\/pl.doda-music.com\/index.php\/wp-json\/wp\/v2\/posts\/16983\/revisions\/16988"}],"wp:featuredmedia":[{"embeddable":true,"href":"https:\/\/pl.doda-music.com\/index.php\/wp-json\/wp\/v2\/media\/16985"}],"wp:attachment":[{"href":"https:\/\/pl.doda-music.com\/index.php\/wp-json\/wp\/v2\/media?parent=16983"}],"wp:term":[{"taxonomy":"category","embeddable":true,"href":"https:\/\/pl.doda-music.com\/index.php\/wp-json\/wp\/v2\/categories?post=16983"},{"taxonomy":"post_tag","embeddable":true,"href":"https:\/\/pl.doda-music.com\/index.php\/wp-json\/wp\/v2\/tags?post=16983"}],"curies":[{"name":"wp","href":"https:\/\/api.w.org\/{rel}","templated":true}]}}