{"id":16978,"date":"2016-07-19T17:23:15","date_gmt":"2016-07-19T16:23:15","guid":{"rendered":"http:\/\/pl.doda-music.com\/?p=16978"},"modified":"2016-07-19T17:23:15","modified_gmt":"2016-07-19T16:23:15","slug":"koncert-w-kielcach-multimedia","status":"publish","type":"post","link":"https:\/\/pl.doda-music.com\/index.php\/2016\/07\/koncert-w-kielcach-multimedia\/","title":{"rendered":"Koncert w Kielcach &#8211; multimedia"},"content":{"rendered":"<p>Miniona niedziela ubieg\u0142a Dodzie pod znakiem koncertu w Kielcach. Wokalistka da\u0142a biletowany koncert w miejscowym amfiteatrze. Zobaczcie zdj\u0119cia i filmy z tego wydarzenia:<\/p>\n<p><a href=\"http:\/\/pl.doda-music.com\/wp-content\/uploads\/2016\/07\/13728927_1194499547261993_2612137230427712448_n.jpg\"><img loading=\"lazy\" decoding=\"async\" class=\"aligncenter size-large wp-image-16979\" src=\"http:\/\/pl.doda-music.com\/wp-content\/uploads\/2016\/07\/13728927_1194499547261993_2612137230427712448_n-500x755.jpg\" alt=\"13728927_1194499547261993_2612137230427712448_n\" width=\"500\" height=\"755\" srcset=\"https:\/\/pl.doda-music.com\/wp-content\/uploads\/2016\/07\/13728927_1194499547261993_2612137230427712448_n-500x755.jpg 500w, https:\/\/pl.doda-music.com\/wp-content\/uploads\/2016\/07\/13728927_1194499547261993_2612137230427712448_n-199x300.jpg 199w, https:\/\/pl.doda-music.com\/wp-content\/uploads\/2016\/07\/13728927_1194499547261993_2612137230427712448_n.jpg 636w\" sizes=\"(max-width: 500px) 100vw, 500px\" \/><\/a><\/p>\n<p><a href=\"https:\/\/www.facebook.com\/officialdoda\/posts\/1194500147261933\">Facebook Dody &#8211; zdj\u0119cia<\/a><br \/>\n<a href=\"http:\/\/kielce.naszemiasto.pl\/artykul\/wielkie-show-dody-i-michala-szpaka-w-kielcach-zdjecia,3801858,artgal,t,id,tm.html\">Kielce.NaszeMiasto &#8211; zdj\u0119cia i wideo <\/a><\/p>\n<p>&nbsp;<\/p>\n<p><iframe loading=\"lazy\" title=\"Doda - Znak Pokoju Kielce Kadzielnia 2016\" width=\"1000\" height=\"563\" src=\"https:\/\/www.youtube.com\/embed\/mazUiUh2lv8?feature=oembed\" frameborder=\"0\" allow=\"accelerometer; autoplay; clipboard-write; encrypted-media; gyroscope; picture-in-picture\" allowfullscreen><\/iframe><\/p>\n","protected":false},"excerpt":{"rendered":"<p>Miniona niedziela ubieg\u0142a Dodzie pod znakiem koncertu w Kielcach. Wokalistka da\u0142a biletowany koncert w miejscowym amfiteatrze. Zobaczcie zdj\u0119cia i filmy z tego wydarzenia: Facebook Dody &#8211; zdj\u0119cia Kielce.NaszeMiasto &#8211; zdj\u0119cia i wideo &nbsp;<\/p>\n","protected":false},"author":12,"featured_media":16980,"comment_status":"open","ping_status":"closed","sticky":false,"template":"","format":"standard","meta":{"footnotes":""},"categories":[9,10,8],"tags":[],"_links":{"self":[{"href":"https:\/\/pl.doda-music.com\/index.php\/wp-json\/wp\/v2\/posts\/16978"}],"collection":[{"href":"https:\/\/pl.doda-music.com\/index.php\/wp-json\/wp\/v2\/posts"}],"about":[{"href":"https:\/\/pl.doda-music.com\/index.php\/wp-json\/wp\/v2\/types\/post"}],"author":[{"embeddable":true,"href":"https:\/\/pl.doda-music.com\/index.php\/wp-json\/wp\/v2\/users\/12"}],"replies":[{"embeddable":true,"href":"https:\/\/pl.doda-music.com\/index.php\/wp-json\/wp\/v2\/comments?post=16978"}],"version-history":[{"count":1,"href":"https:\/\/pl.doda-music.com\/index.php\/wp-json\/wp\/v2\/posts\/16978\/revisions"}],"predecessor-version":[{"id":16981,"href":"https:\/\/pl.doda-music.com\/index.php\/wp-json\/wp\/v2\/posts\/16978\/revisions\/16981"}],"wp:featuredmedia":[{"embeddable":true,"href":"https:\/\/pl.doda-music.com\/index.php\/wp-json\/wp\/v2\/media\/16980"}],"wp:attachment":[{"href":"https:\/\/pl.doda-music.com\/index.php\/wp-json\/wp\/v2\/media?parent=16978"}],"wp:term":[{"taxonomy":"category","embeddable":true,"href":"https:\/\/pl.doda-music.com\/index.php\/wp-json\/wp\/v2\/categories?post=16978"},{"taxonomy":"post_tag","embeddable":true,"href":"https:\/\/pl.doda-music.com\/index.php\/wp-json\/wp\/v2\/tags?post=16978"}],"curies":[{"name":"wp","href":"https:\/\/api.w.org\/{rel}","templated":true}]}}