{"id":16967,"date":"2016-06-16T11:34:22","date_gmt":"2016-06-16T10:34:22","guid":{"rendered":"http:\/\/pl.doda-music.com\/?p=16967"},"modified":"2016-06-16T11:34:22","modified_gmt":"2016-06-16T10:34:22","slug":"koncert-w-stezycy-multimedia","status":"publish","type":"post","link":"https:\/\/pl.doda-music.com\/index.php\/2016\/06\/koncert-w-stezycy-multimedia\/","title":{"rendered":"Koncert w St\u0119\u017cycy &#8211; multimedia"},"content":{"rendered":"<p>W ostatni weekend Doda by\u0142a go\u015bciem specjalnym dwudniowych targ\u00f3w Pro Building Expo w St\u0119\u017cycy. Zobaczcie zdj\u0119cia i filmik z koncertu, podczas kt\u00f3rego artystka spe\u0142ni\u0142a marzenie jednego z fan\u00f3w. Zauwa\u017cy\u0142a jego plakat z pro\u015bb\u0105 o wsp\u00f3lny wyst\u0119p i&#8230; zaprosi\u0142a go na scen\u0119.<\/p>\n<p><a href=\"http:\/\/pl.doda-music.com\/wp-content\/uploads\/2016\/06\/13355499_1307615812601486_1063555353_n.jpg\"><img loading=\"lazy\" decoding=\"async\" class=\"aligncenter size-large wp-image-16968\" src=\"http:\/\/pl.doda-music.com\/wp-content\/uploads\/2016\/06\/13355499_1307615812601486_1063555353_n-500x500.jpg\" alt=\"13355499_1307615812601486_1063555353_n\" width=\"500\" height=\"500\" srcset=\"https:\/\/pl.doda-music.com\/wp-content\/uploads\/2016\/06\/13355499_1307615812601486_1063555353_n-500x500.jpg 500w, https:\/\/pl.doda-music.com\/wp-content\/uploads\/2016\/06\/13355499_1307615812601486_1063555353_n-150x150.jpg 150w, https:\/\/pl.doda-music.com\/wp-content\/uploads\/2016\/06\/13355499_1307615812601486_1063555353_n-300x300.jpg 300w, https:\/\/pl.doda-music.com\/wp-content\/uploads\/2016\/06\/13355499_1307615812601486_1063555353_n-144x144.jpg 144w, https:\/\/pl.doda-music.com\/wp-content\/uploads\/2016\/06\/13355499_1307615812601486_1063555353_n.jpg 640w\" sizes=\"(max-width: 500px) 100vw, 500px\" \/><\/a><br \/>\n<a href=\"http:\/\/expresskaszubski.pl\/kultura\/2016\/06\/stezyca-doda-ma-moc-przyciagania\">Express Kaszubski<\/a><br \/>\n<a href=\"http:\/\/pomorskie.naszemiasto.pl\/artykul\/doda-wystapila-na-targach-w-stezycy-zdjecia,3767504,artgal,t,id,tm.html\">Pomorskie.NaszeMiasto<\/a><br \/>\n<a href=\"http:\/\/kartuzy.info\/wiadomosc,26772,Stezyca-Doda-wystapila-na-targach-Pro-Building-Expo.html\">Kartuzy.info<\/a><\/p>\n<p><iframe loading=\"lazy\" title=\"DODA &amp; WOJTEK - DZI\u0118KUJ\u0118\" width=\"1000\" height=\"563\" src=\"https:\/\/www.youtube.com\/embed\/Wz4lX2JHchU?feature=oembed\" frameborder=\"0\" allow=\"accelerometer; autoplay; clipboard-write; encrypted-media; gyroscope; picture-in-picture\" allowfullscreen><\/iframe><\/p>\n","protected":false},"excerpt":{"rendered":"<p>W ostatni weekend Doda by\u0142a go\u015bciem specjalnym dwudniowych targ\u00f3w Pro Building Expo w St\u0119\u017cycy. Zobaczcie zdj\u0119cia i filmik z koncertu, podczas kt\u00f3rego artystka spe\u0142ni\u0142a marzenie jednego z fan\u00f3w. Zauwa\u017cy\u0142a jego plakat z pro\u015bb\u0105 o wsp\u00f3lny wyst\u0119p i&#8230; zaprosi\u0142a go na scen\u0119. Express Kaszubski Pomorskie.NaszeMiasto Kartuzy.info<\/p>\n","protected":false},"author":12,"featured_media":16969,"comment_status":"open","ping_status":"closed","sticky":false,"template":"","format":"standard","meta":{"footnotes":""},"categories":[9,10,8],"tags":[],"_links":{"self":[{"href":"https:\/\/pl.doda-music.com\/index.php\/wp-json\/wp\/v2\/posts\/16967"}],"collection":[{"href":"https:\/\/pl.doda-music.com\/index.php\/wp-json\/wp\/v2\/posts"}],"about":[{"href":"https:\/\/pl.doda-music.com\/index.php\/wp-json\/wp\/v2\/types\/post"}],"author":[{"embeddable":true,"href":"https:\/\/pl.doda-music.com\/index.php\/wp-json\/wp\/v2\/users\/12"}],"replies":[{"embeddable":true,"href":"https:\/\/pl.doda-music.com\/index.php\/wp-json\/wp\/v2\/comments?post=16967"}],"version-history":[{"count":1,"href":"https:\/\/pl.doda-music.com\/index.php\/wp-json\/wp\/v2\/posts\/16967\/revisions"}],"predecessor-version":[{"id":16970,"href":"https:\/\/pl.doda-music.com\/index.php\/wp-json\/wp\/v2\/posts\/16967\/revisions\/16970"}],"wp:featuredmedia":[{"embeddable":true,"href":"https:\/\/pl.doda-music.com\/index.php\/wp-json\/wp\/v2\/media\/16969"}],"wp:attachment":[{"href":"https:\/\/pl.doda-music.com\/index.php\/wp-json\/wp\/v2\/media?parent=16967"}],"wp:term":[{"taxonomy":"category","embeddable":true,"href":"https:\/\/pl.doda-music.com\/index.php\/wp-json\/wp\/v2\/categories?post=16967"},{"taxonomy":"post_tag","embeddable":true,"href":"https:\/\/pl.doda-music.com\/index.php\/wp-json\/wp\/v2\/tags?post=16967"}],"curies":[{"name":"wp","href":"https:\/\/api.w.org\/{rel}","templated":true}]}}