{"id":16899,"date":"2016-04-18T22:01:17","date_gmt":"2016-04-18T21:01:17","guid":{"rendered":"http:\/\/pl.doda-music.com\/?p=16899"},"modified":"2016-04-18T22:01:17","modified_gmt":"2016-04-18T21:01:17","slug":"doda-wystapi-na-festiwalu-w-opolu","status":"publish","type":"post","link":"https:\/\/pl.doda-music.com\/index.php\/2016\/04\/doda-wystapi-na-festiwalu-w-opolu\/","title":{"rendered":"Doda wyst\u0105pi na Festiwalu w Opolu!"},"content":{"rendered":"<p>Uda\u0142o si\u0119! Zako\u0144czy\u0142 si\u0119 pierwszy etap plebiscytu Z\u0142ote Opole i z dum\u0105 mo\u017cemy og\u0142osi\u0107, \u017ce Doda z piosenk\u0105 &#8220;Nie daj si\u0119&#8221; zakwalifikowa\u0142a si\u0119 do g\u0142\u00f3wnego konkursu, co oznacza, \u017ce zobaczymy artystk\u0119 na opolskim festiwalu 2016 :)<\/p>\n<p>Doda podzieli\u0142a si\u0119 z nami t\u0105 radosn\u0105 wiadomo\u015bci\u0105 poprzez swojego Facebooka:<\/p>\n<blockquote><p><em>Dzi\u0119kuje za Wasze wsparcie smsowe! Uda\u0142o si\u0119 -jeste\u015bmy w Top 20 w Opolu <span style=\"text-decoration: underline;\">\u2764<\/span><span style=\"text-decoration: underline;\">\u2764<\/span><\/em><\/p><\/blockquote>\n<p>Gratulujemy! :)<\/p>\n<p><a href=\"http:\/\/pl.doda-music.com\/wp-content\/uploads\/2016\/04\/Przechwytywanie-w-trybie-pe\u0142noekranowym-2016-04-18-225810.bmp.jpg\"><img loading=\"lazy\" decoding=\"async\" class=\"aligncenter size-full wp-image-16900\" src=\"http:\/\/pl.doda-music.com\/wp-content\/uploads\/2016\/04\/Przechwytywanie-w-trybie-pe\u0142noekranowym-2016-04-18-225810.bmp.jpg\" alt=\"Przechwytywanie w trybie pe\u0142noekranowym 2016-04-18 225810.bmp\" width=\"439\" height=\"530\" srcset=\"https:\/\/pl.doda-music.com\/wp-content\/uploads\/2016\/04\/Przechwytywanie-w-trybie-pe\u0142noekranowym-2016-04-18-225810.bmp.jpg 439w, https:\/\/pl.doda-music.com\/wp-content\/uploads\/2016\/04\/Przechwytywanie-w-trybie-pe\u0142noekranowym-2016-04-18-225810.bmp-248x300.jpg 248w\" sizes=\"(max-width: 439px) 100vw, 439px\" \/><\/a><\/p>\n","protected":false},"excerpt":{"rendered":"<p>Uda\u0142o si\u0119! Zako\u0144czy\u0142 si\u0119 pierwszy etap plebiscytu Z\u0142ote Opole i z dum\u0105 mo\u017cemy og\u0142osi\u0107, \u017ce Doda z piosenk\u0105 &#8220;Nie daj si\u0119&#8221; zakwalifikowa\u0142a si\u0119 do g\u0142\u00f3wnego konkursu, co oznacza, \u017ce zobaczymy artystk\u0119 na opolskim festiwalu 2016 :) Doda podzieli\u0142a si\u0119 z nami t\u0105 radosn\u0105 wiadomo\u015bci\u0105 poprzez swojego Facebooka: Dzi\u0119kuje za Wasze wsparcie smsowe! Uda\u0142o si\u0119 -jeste\u015bmy&#8230; <\/p>\n<div class=\"link-more\"><a href=\"https:\/\/pl.doda-music.com\/index.php\/2016\/04\/doda-wystapi-na-festiwalu-w-opolu\/\">Read More<\/a><\/div>\n","protected":false},"author":12,"featured_media":16901,"comment_status":"open","ping_status":"closed","sticky":false,"template":"","format":"standard","meta":{"footnotes":""},"categories":[44,25],"tags":[],"_links":{"self":[{"href":"https:\/\/pl.doda-music.com\/index.php\/wp-json\/wp\/v2\/posts\/16899"}],"collection":[{"href":"https:\/\/pl.doda-music.com\/index.php\/wp-json\/wp\/v2\/posts"}],"about":[{"href":"https:\/\/pl.doda-music.com\/index.php\/wp-json\/wp\/v2\/types\/post"}],"author":[{"embeddable":true,"href":"https:\/\/pl.doda-music.com\/index.php\/wp-json\/wp\/v2\/users\/12"}],"replies":[{"embeddable":true,"href":"https:\/\/pl.doda-music.com\/index.php\/wp-json\/wp\/v2\/comments?post=16899"}],"version-history":[{"count":1,"href":"https:\/\/pl.doda-music.com\/index.php\/wp-json\/wp\/v2\/posts\/16899\/revisions"}],"predecessor-version":[{"id":16902,"href":"https:\/\/pl.doda-music.com\/index.php\/wp-json\/wp\/v2\/posts\/16899\/revisions\/16902"}],"wp:featuredmedia":[{"embeddable":true,"href":"https:\/\/pl.doda-music.com\/index.php\/wp-json\/wp\/v2\/media\/16901"}],"wp:attachment":[{"href":"https:\/\/pl.doda-music.com\/index.php\/wp-json\/wp\/v2\/media?parent=16899"}],"wp:term":[{"taxonomy":"category","embeddable":true,"href":"https:\/\/pl.doda-music.com\/index.php\/wp-json\/wp\/v2\/categories?post=16899"},{"taxonomy":"post_tag","embeddable":true,"href":"https:\/\/pl.doda-music.com\/index.php\/wp-json\/wp\/v2\/tags?post=16899"}],"curies":[{"name":"wp","href":"https:\/\/api.w.org\/{rel}","templated":true}]}}