{"id":1494,"date":"2010-08-18T19:40:49","date_gmt":"2010-08-18T17:40:49","guid":{"rendered":"http:\/\/pl.doda-music.com\/?p=1494"},"modified":"2010-08-18T19:47:04","modified_gmt":"2010-08-18T17:47:04","slug":"jaroslaw-burdek-dla-plejada-pl","status":"publish","type":"post","link":"https:\/\/pl.doda-music.com\/index.php\/2010\/08\/jaroslaw-burdek-dla-plejada-pl\/","title":{"rendered":"Jaros\u0142aw Burdek dla Plejada.pl"},"content":{"rendered":"<p><center><img decoding=\"async\" src=\"http:\/\/i38.tinypic.com\/15qan4p.jpg\" width=\"400\"><\/center><\/p>\n<p>Jaros\u0142aw Burdek, menad\u017cer Dody, wyda\u0142 o\u015bwiadczenie dla Plejada.pl:<\/p>\n<p><em>Doda jest tak siln\u0105 i odporn\u0105 na naciski zewn\u0119trzne osob\u0105, \u017ce nic nie jest w stanie jej z\u0142ama\u0107. Plotki o jej za\u0142amaniu w zwi\u0105zku z chorob\u0105 Adama s\u0105 kompletnie wyssane z palca. Oczywi\u015bcie jest zm\u0119czona, ale bardzo dzielnie wszystko znosi i sp\u0119dza ka\u017cd\u0105 woln\u0105 chwil\u0119 w szpitalu. Je\u015bli b\u0119dzie taka potrzeba, odda sw\u00f3j szpik Nergalowi. <\/p>\n<p>Doda nie planuje odwo\u0142ywa\u0107 koncert\u00f3w. Twierdzi, \u017ce w tych ci\u0119\u017ckich chwilach wyj\u0105tkowo potrzebuje wsparcia fan\u00f3w i ich pozytywnej energii. Jednak prawd\u0105 jest, \u017ce wci\u0105\u017c waha si\u0119, czy wyst\u0105pi\u0107 w Opolu. Wszyscy, \u0142\u0105cznie z Adamem, t\u0142umacz\u0105 jej, \u017ce powinna wzi\u0105\u0107 udzia\u0142 w koncercie, ale \u017cadna decyzja jeszcze nie zapad\u0142a. <\/p>\n<p>Dorota docenia wszystkie przejawy sympatii, jakie p\u0142yn\u0105 teraz w stron\u0119 jej i Adama. Dzi\u0119kuje za wspieraj\u0105ce, internetowe wpisy od fan\u00f3w, ale zaznacza, \u017ce nie ma obecnie czasu, by na wszystkie odpowiedzie\u0107. Prosi te\u017c o cierpliwo\u015b\u0107 w oczekiwaniu na now\u0105 p\u0142yt\u0119. Termin jej wydania przesuwa si\u0119, ale ogrom emocji, jakie teraz prze\u017cywa Doda na pewno zagwarantuje, \u017ce wydawnictwo b\u0119dzie arcydzie\u0142em.<\/em><\/p>\n<p>\u0179r\u00f3d\u0142o: Plejada.pl<br \/>\nPodzi\u0119kowania dla: \u017cabcia<\/p>\n","protected":false},"excerpt":{"rendered":"<p>Jaros\u0142aw Burdek, menad\u017cer Dody, wyda\u0142 o\u015bwiadczenie dla Plejada.pl: Doda jest tak siln\u0105 i odporn\u0105 na naciski zewn\u0119trzne osob\u0105, \u017ce nic nie jest w stanie jej z\u0142ama\u0107. Plotki o jej za\u0142amaniu w zwi\u0105zku z chorob\u0105 Adama s\u0105 kompletnie wyssane z palca. Oczywi\u015bcie jest zm\u0119czona, ale bardzo dzielnie wszystko znosi i sp\u0119dza ka\u017cd\u0105 woln\u0105 chwil\u0119 w szpitalu&#8230;. <\/p>\n<div class=\"link-more\"><a href=\"https:\/\/pl.doda-music.com\/index.php\/2010\/08\/jaroslaw-burdek-dla-plejada-pl\/\">Read More<\/a><\/div>\n","protected":false},"author":1,"featured_media":0,"comment_status":"open","ping_status":"open","sticky":false,"template":"","format":"standard","meta":{"footnotes":""},"categories":[25],"tags":[],"_links":{"self":[{"href":"https:\/\/pl.doda-music.com\/index.php\/wp-json\/wp\/v2\/posts\/1494"}],"collection":[{"href":"https:\/\/pl.doda-music.com\/index.php\/wp-json\/wp\/v2\/posts"}],"about":[{"href":"https:\/\/pl.doda-music.com\/index.php\/wp-json\/wp\/v2\/types\/post"}],"author":[{"embeddable":true,"href":"https:\/\/pl.doda-music.com\/index.php\/wp-json\/wp\/v2\/users\/1"}],"replies":[{"embeddable":true,"href":"https:\/\/pl.doda-music.com\/index.php\/wp-json\/wp\/v2\/comments?post=1494"}],"version-history":[{"count":3,"href":"https:\/\/pl.doda-music.com\/index.php\/wp-json\/wp\/v2\/posts\/1494\/revisions"}],"predecessor-version":[{"id":1496,"href":"https:\/\/pl.doda-music.com\/index.php\/wp-json\/wp\/v2\/posts\/1494\/revisions\/1496"}],"wp:attachment":[{"href":"https:\/\/pl.doda-music.com\/index.php\/wp-json\/wp\/v2\/media?parent=1494"}],"wp:term":[{"taxonomy":"category","embeddable":true,"href":"https:\/\/pl.doda-music.com\/index.php\/wp-json\/wp\/v2\/categories?post=1494"},{"taxonomy":"post_tag","embeddable":true,"href":"https:\/\/pl.doda-music.com\/index.php\/wp-json\/wp\/v2\/tags?post=1494"}],"curies":[{"name":"wp","href":"https:\/\/api.w.org\/{rel}","templated":true}]}}