{"id":13973,"date":"2014-05-17T19:23:43","date_gmt":"2014-05-17T17:23:43","guid":{"rendered":"http:\/\/pl.doda-music.com\/?p=13973"},"modified":"2014-05-18T17:36:14","modified_gmt":"2014-05-18T15:36:14","slug":"doda-na-pikniku-charytatywnym","status":"publish","type":"post","link":"https:\/\/pl.doda-music.com\/index.php\/2014\/05\/doda-na-pikniku-charytatywnym\/","title":{"rendered":"Doda na pikniku charytatywnym"},"content":{"rendered":"<p> Kilkadziesi\u0105t minut temu Doda u\u015bwietni\u0142a swoim wyst\u0119pem I Charytatywny Piknik Historyczny, kt\u00f3ry odby\u0142 si\u0119 na terenie warszawskiego Gimnazjum numer 38. Artystka na bie\u017c\u0105co dodawa\u0142a zdj\u0119cia z wydarzenia na sw\u00f3j Instagram ;)<\/p>\n<p><center><img decoding=\"async\" src=\"http:\/\/origincache-frc.fbcdn.net\/10349788_1416742325267961_21622485_n.jpg\" width=\"500\"><\/center><br \/>\n<center><img decoding=\"async\" src=\"http:\/\/origincache-prn.fbcdn.net\/10349654_653510321385245_1080074306_n.jpg\" width=\"500\"><\/center><br \/>\n<center><img decoding=\"async\" src=\"http:\/\/photos-f.ak.instagram.com\/hphotos-ak-prn\/10326620_450878318382365_1916810494_n.jpg\" width=\"500\"><\/center><br \/>\n<i>&#8220;By\u0142o super ! Wielkie dzi\u0119ki za zapro dla Fundacji Spe\u0142nionych Marze\u0144 i uczni\u00f3w szko\u0142y gimnazjum nr 38\u2764\u2764\u2764\u2764\u2764\u2764\u2764&#8221;<\/i><\/p>\n<p>I zdj\u0119cie z wyst\u0119pu, wykonane przez ekip\u0119 LikeaDoda, kt\u00f3ra by\u0142a na miejscu ;)<br \/>\n<center><img decoding=\"async\" src=\"https:\/\/scontent-b-ams.xx.fbcdn.net\/hphotos-frc1\/t1.0-9\/10291068_672851112752724_6871834432655569278_n.jpg\" width=\"500\"><\/center><\/p>\n<p>UPDATE: Fan o nicku &#8220;Damian Diamond&#8221; nagra\u0142 ca\u0142y wyst\u0119p :) Enjoy!<br \/>\n<center><iframe loading=\"lazy\" width=\"500\" height=\"281\" src=\"\/\/www.youtube.com\/embed\/N9DlPqjqTHU\" frameborder=\"0\" allowfullscreen><\/iframe><\/center><\/p>\n","protected":false},"excerpt":{"rendered":"<p>Kilkadziesi\u0105t minut temu Doda u\u015bwietni\u0142a swoim wyst\u0119pem I Charytatywny Piknik Historyczny, kt\u00f3ry odby\u0142 si\u0119 na terenie warszawskiego Gimnazjum numer 38. Artystka na bie\u017c\u0105co dodawa\u0142a zdj\u0119cia z wydarzenia na sw\u00f3j Instagram ;) &#8220;By\u0142o super ! Wielkie dzi\u0119ki za zapro dla Fundacji Spe\u0142nionych Marze\u0144 i uczni\u00f3w szko\u0142y gimnazjum nr 38\u2764\u2764\u2764\u2764\u2764\u2764\u2764&#8221; I zdj\u0119cie z wyst\u0119pu, wykonane przez ekip\u0119&#8230; <\/p>\n<div class=\"link-more\"><a href=\"https:\/\/pl.doda-music.com\/index.php\/2014\/05\/doda-na-pikniku-charytatywnym\/\">Read More<\/a><\/div>\n","protected":false},"author":12,"featured_media":13974,"comment_status":"open","ping_status":"closed","sticky":false,"template":"","format":"standard","meta":{"footnotes":""},"categories":[28,9,10,8],"tags":[],"_links":{"self":[{"href":"https:\/\/pl.doda-music.com\/index.php\/wp-json\/wp\/v2\/posts\/13973"}],"collection":[{"href":"https:\/\/pl.doda-music.com\/index.php\/wp-json\/wp\/v2\/posts"}],"about":[{"href":"https:\/\/pl.doda-music.com\/index.php\/wp-json\/wp\/v2\/types\/post"}],"author":[{"embeddable":true,"href":"https:\/\/pl.doda-music.com\/index.php\/wp-json\/wp\/v2\/users\/12"}],"replies":[{"embeddable":true,"href":"https:\/\/pl.doda-music.com\/index.php\/wp-json\/wp\/v2\/comments?post=13973"}],"version-history":[{"count":2,"href":"https:\/\/pl.doda-music.com\/index.php\/wp-json\/wp\/v2\/posts\/13973\/revisions"}],"predecessor-version":[{"id":13979,"href":"https:\/\/pl.doda-music.com\/index.php\/wp-json\/wp\/v2\/posts\/13973\/revisions\/13979"}],"wp:featuredmedia":[{"embeddable":true,"href":"https:\/\/pl.doda-music.com\/index.php\/wp-json\/wp\/v2\/media\/13974"}],"wp:attachment":[{"href":"https:\/\/pl.doda-music.com\/index.php\/wp-json\/wp\/v2\/media?parent=13973"}],"wp:term":[{"taxonomy":"category","embeddable":true,"href":"https:\/\/pl.doda-music.com\/index.php\/wp-json\/wp\/v2\/categories?post=13973"},{"taxonomy":"post_tag","embeddable":true,"href":"https:\/\/pl.doda-music.com\/index.php\/wp-json\/wp\/v2\/tags?post=13973"}],"curies":[{"name":"wp","href":"https:\/\/api.w.org\/{rel}","templated":true}]}}