{"id":1220,"date":"2010-06-16T12:01:04","date_gmt":"2010-06-16T10:01:04","guid":{"rendered":"http:\/\/pl.doda-music.com\/?p=1220"},"modified":"2010-06-16T15:01:35","modified_gmt":"2010-06-16T13:01:35","slug":"pudelek-znowu-szczeka","status":"publish","type":"post","link":"https:\/\/pl.doda-music.com\/index.php\/2010\/06\/pudelek-znowu-szczeka\/","title":{"rendered":"Pudelek znowu szczeka&#8230;"},"content":{"rendered":"<p><center><img decoding=\"async\" src=\"http:\/\/doda-music.com\/edytadoda.png\"><\/center><br \/>\nUlubiona maskotka polskiego show biznesu, Pudelek, zn\u00f3w g\u0142o\u015bno szczeka, nie bardzo maj\u0105c poj\u0119cie o czym. Dzi\u015b uraczy\u0142 nas wzruszaj\u0105cym artyku\u0142em \u201eDoda ma kompleks na punkcie\u2026 Edzi?!\u201d. Wystarczy przeczyta\u0107 fragment, by zauwa\u017cy\u0107, jak stronniczym pieskiem jest ten nasz Pudelek. <\/p>\n<p> Nasz brytan zarzuca, i\u017c Doda &#8220;nienajlepiej&#8221; (Pudelku &#8211; poprawna pisownia to &#8220;nie najlepiej&#8221;) wysz\u0142a na rozstaniu z Maj\u0105, gdy\u017c Jaros\u0142aw Burdek nie przedstawi\u0142 \u201enowego pomys\u0142u na kolejny etap kariery swojej podopiecznej\u201d, za\u015b p\u0142yta od\u0142o\u017cona jest w dalek\u0105 przysz\u0142o\u015b\u0107. Oczywi\u015bcie przeciwstawiona jest temu ci\u0119\u017cka praca Edyty. Sp\u00f3jrzmy na fakty \u2013 wiemy, i\u017c Doda ma nagrane trzy piosenki, ma ju\u017c jasny plan wydania singla do ko\u0144ca czerwca, za\u015b p\u0142yty na jesie\u0144. Co mamy po stronie Edyty? No w\u0142a\u015bnie, czy singiel ma ju\u017c przybli\u017con\u0105 dat\u0119 premiery? Czy cokolwiek wiemy o tym zapowiadanym albumie piosenkarki? Podsumowuj\u0105c \u2013 u Dody konkretne plany oraz pierwsze nagrane utwory, po stronie Edyty \u2013 wielka niewiadoma.<\/p>\n<p> Dalej czytamy o wielkim sukcesie jubileuszu Edyty oraz o ciesz\u0105cym si\u0119 ma\u0142ym zainteresowaniem wyst\u0119pem Dody w Toruniu, a tak\u017ce niewielkiej ilo\u015bci koncert\u00f3w naszej Artystki. Po przeczytaniu takich nowinek pozostaje jedynie szeroko otworzy\u0107 oczy ze zdziwienia. Je\u015bli Pudel chce zobaczy\u0107 prawd\u0119 (ale nie chce, bo prawda jest na korzy\u015b\u0107 Dody; je\u015bli portalik tak lubi pogr\u0105\u017ca\u0107 gwiazdy, mo\u017ce niech napisze, kto ma matur\u0119, a kto jej nie ma?), niech si\u0119 jego redaktorzy przejd\u0105 na jakikolwiek koncert piosenkarki. Niech zobacz\u0105 te t\u0142umy \u2013 tak, r\u00f3wnie\u017c na koncercie w Toruniu, na kt\u00f3rym sami mieli\u015bmy przyjemno\u015b\u0107 by\u0107. Niech przejrzy grafik koncertowy, kt\u00f3ry ukazuje prawd\u0119 \u2013 praktycznie ka\u017cdy weekend jest zaj\u0119ty wyst\u0119pami, dzie\u0144 po dniu, w r\u00f3\u017cnych zak\u0105tkach Polski i nie tylko! Natomiast jak wygl\u0105da trasa koncertowa Edyty? No w\u0142a\u015bnie, nie ma \u017cadnej trasy! Sami fani Edyty na jej forum \u017cal\u0105 si\u0119 na niewielk\u0105 ilo\u015b\u0107 wyst\u0119p\u00f3w. A na oficjalnej stronie nie ma nawet zak\u0142adki \u201eKoncerty\u201d.<\/p>\n<p> I wreszcie rzekomy kompleks Dody \u2013 s\u0142aba znajomo\u015b\u0107 j\u0119zyka angielskiego, w przeciwie\u0144stwie do Edyty. Ju\u017c pomijamy fakt, \u017ce sama Artystka m\u00f3wi\u0142a, i\u017c szkoli si\u0119 w angielskim (a dok\u0142adniej &#8211; ju\u017c od podstaw\u00f3wki, najzwyczajniej w \u015bwiecie nie przepada za tym j\u0119zykiem). Czy mo\u017cemy m\u00f3wi\u0107 o kompleksie, gdy kto\u015b zdaje sobie spraw\u0119 ze swojej \u201es\u0142abo\u015bci\u201d? Doda niejednokrotnie podkre\u015bla\u0142a, \u017ce nie ma talentu do j\u0119zyk\u00f3w obcych, a na koncercie w Zabrzu rado\u015bnie oznajmi\u0142a, i\u017c wszyscy mog\u0105 si\u0119 \u015bmia\u0107 z Jej angielskiego, lecz ona dalej b\u0119dzie \u015bpiewa\u0107 w tym j\u0119zyku. I to si\u0119 nazywa w\u0142a\u015bciwa postawa! Co\u015b sprawia Ci trudno\u015b\u0107? Walcz z tym, bez wzgl\u0119du na to, co m\u00f3wi otoczenie!<\/p>\n<p> Sk\u0105d te por\u00f3wnania tak dw\u00f3ch, r\u00f3\u017cnych artystek, jakimi s\u0105 Edyta oraz Doda? Ka\u017cda z nich ma inny repertuar, inny rodzaj g\u0142osu, inny wiek oraz innych fan\u00f3w. Dlaczego media zawsze pr\u00f3buj\u0105 stworzy\u0107 jakie\u015b konflikty? Ju\u017c czytali\u015bmy o ko\u0144cu Dody, gdy sukcesy odnosi\u0142a Mandaryna w 2005 roku. P\u00f3\u017aniej w 2006 przyczyn\u0105 kl\u0119ski Artystki mia\u0142 by\u0107 Piotr Rubik. W 2007 kr\u00f3lowa\u0142 zesp\u00f3\u0142 Feel, wi\u0119c media weso\u0142o oznajmi\u0142y, i\u017c ich wygrane oznaczaj\u0105 zako\u0144czenie kariery Dody. Teraz pr\u00f3buje si\u0119 odnale\u017a\u0107 kl\u0119sk\u0119 piosenkarki w postaciach Ewy Farnej czy Edyty G\u00f3rniak. I teraz pytanie dnia \u2013 czy te wszystkie tabloidy i portale kiedy\u015b zauwa\u017c\u0105, \u017ce na scenie jest miejsce dla ka\u017cdego i sukces jednego artysty nie oznacza kl\u0119ski drugiego?<\/p>\n<p> Chyba nie chcemy us\u0142ysze\u0107 odpowiedzi :)<\/p>\n","protected":false},"excerpt":{"rendered":"<p>Ulubiona maskotka polskiego show biznesu, Pudelek, zn\u00f3w g\u0142o\u015bno szczeka, nie bardzo maj\u0105c poj\u0119cie o czym. Dzi\u015b uraczy\u0142 nas wzruszaj\u0105cym artyku\u0142em \u201eDoda ma kompleks na punkcie\u2026 Edzi?!\u201d. Wystarczy przeczyta\u0107 fragment, by zauwa\u017cy\u0107, jak stronniczym pieskiem jest ten nasz Pudelek. Nasz brytan zarzuca, i\u017c Doda &#8220;nienajlepiej&#8221; (Pudelku &#8211; poprawna pisownia to &#8220;nie najlepiej&#8221;) wysz\u0142a na rozstaniu z&#8230; <\/p>\n<div class=\"link-more\"><a href=\"https:\/\/pl.doda-music.com\/index.php\/2010\/06\/pudelek-znowu-szczeka\/\">Read More<\/a><\/div>\n","protected":false},"author":1,"featured_media":0,"comment_status":"open","ping_status":"open","sticky":false,"template":"","format":"standard","meta":{"footnotes":""},"categories":[41],"tags":[],"_links":{"self":[{"href":"https:\/\/pl.doda-music.com\/index.php\/wp-json\/wp\/v2\/posts\/1220"}],"collection":[{"href":"https:\/\/pl.doda-music.com\/index.php\/wp-json\/wp\/v2\/posts"}],"about":[{"href":"https:\/\/pl.doda-music.com\/index.php\/wp-json\/wp\/v2\/types\/post"}],"author":[{"embeddable":true,"href":"https:\/\/pl.doda-music.com\/index.php\/wp-json\/wp\/v2\/users\/1"}],"replies":[{"embeddable":true,"href":"https:\/\/pl.doda-music.com\/index.php\/wp-json\/wp\/v2\/comments?post=1220"}],"version-history":[{"count":5,"href":"https:\/\/pl.doda-music.com\/index.php\/wp-json\/wp\/v2\/posts\/1220\/revisions"}],"predecessor-version":[{"id":1222,"href":"https:\/\/pl.doda-music.com\/index.php\/wp-json\/wp\/v2\/posts\/1220\/revisions\/1222"}],"wp:attachment":[{"href":"https:\/\/pl.doda-music.com\/index.php\/wp-json\/wp\/v2\/media?parent=1220"}],"wp:term":[{"taxonomy":"category","embeddable":true,"href":"https:\/\/pl.doda-music.com\/index.php\/wp-json\/wp\/v2\/categories?post=1220"},{"taxonomy":"post_tag","embeddable":true,"href":"https:\/\/pl.doda-music.com\/index.php\/wp-json\/wp\/v2\/tags?post=1220"}],"curies":[{"name":"wp","href":"https:\/\/api.w.org\/{rel}","templated":true}]}}