{"id":11445,"date":"2014-03-18T18:51:04","date_gmt":"2014-03-18T16:51:04","guid":{"rendered":"http:\/\/pl.doda-music.com\/?p=11445"},"modified":"2014-03-18T18:51:04","modified_gmt":"2014-03-18T16:51:04","slug":"konkurs-na-facebooku-dody","status":"publish","type":"post","link":"https:\/\/pl.doda-music.com\/index.php\/2014\/03\/konkurs-na-facebooku-dody\/","title":{"rendered":"Konkurs na Facebooku Dody"},"content":{"rendered":"<p>Na Facebooku Dody pojawi\u0142 si\u0119 dzisiaj konkurs, kt\u00f3ry mo\u017ce Was zainteresowa\u0107&#8230; wystarczy zrobi\u0107 niewiele, by wygra\u0107 DVD z imienn\u0105 dedykacj\u0105 od Dody oraz gad\u017cety z kolekcji Fly High Tour!<\/p>\n<p><em>Wydanie pierwszego koncertowego DVD to wa\u017cny moment w \u017cyciu ka\u017cdego artysty, dlatego czas na konkurs, jakiego Doda jeszcze nie organizowa\u0142a! Serdecznie zapraszamy Was do wsp\u00f3lnego, fotograficznego podsumowania tych kilkunastu lat koncertowania (najpierw z Virgin, a od 2007 solowo), a jednocze\u015bnie do zawalczenia o atrakcyjne nagrody (p\u0142yty DVD z imienn\u0105 dedykacj\u0105 od Artystki, unikatowa kurtka Fly High Tour oraz worek z tej samej kolekcji)! Wystarczy, \u017ce wejdziecie w poni\u017csz\u0105 aplikacj\u0119 konkursow\u0105, wgracie swoje wsp\u00f3lne zdj\u0119cie z Dod\u0105 (lub fotografi\u0119 koncertow\u0105 swojego autorstwa), zmobilizujecie znajomych do g\u0142osowania na Was i&#8230; poczekacie na wyniki! ;) Wygrywaj\u0105 2 zdj\u0119cia z najwi\u0119ksz\u0105 liczb\u0105 g\u0142os\u00f3w oraz 2, kt\u00f3re wybierze sama Doda :) a wi\u0119c do dzie\u0142a! Szczeg\u00f3\u0142y oraz regulamin w aplikacji.<br \/>\nKonkurs potrwa do ko\u0144ca marca :)<\/em><\/p>\n<p>Konkurs znajdziecie <a href=\"https:\/\/www.facebook.com\/officialdoda\/app_492488037497427\" target=\"_blank\">TUTAJ<\/a>!<\/p>\n","protected":false},"excerpt":{"rendered":"<p>Na Facebooku Dody pojawi\u0142 si\u0119 dzisiaj konkurs, kt\u00f3ry mo\u017ce Was zainteresowa\u0107&#8230; wystarczy zrobi\u0107 niewiele, by wygra\u0107 DVD z imienn\u0105 dedykacj\u0105 od Dody oraz gad\u017cety z kolekcji Fly High Tour! Wydanie pierwszego koncertowego DVD to wa\u017cny moment w \u017cyciu ka\u017cdego artysty, dlatego czas na konkurs, jakiego Doda jeszcze nie organizowa\u0142a! Serdecznie zapraszamy Was do wsp\u00f3lnego, fotograficznego&#8230; <\/p>\n<div class=\"link-more\"><a href=\"https:\/\/pl.doda-music.com\/index.php\/2014\/03\/konkurs-na-facebooku-dody\/\">Read More<\/a><\/div>\n","protected":false},"author":1,"featured_media":11447,"comment_status":"open","ping_status":"closed","sticky":false,"template":"","format":"standard","meta":{"footnotes":""},"categories":[44,11],"tags":[],"_links":{"self":[{"href":"https:\/\/pl.doda-music.com\/index.php\/wp-json\/wp\/v2\/posts\/11445"}],"collection":[{"href":"https:\/\/pl.doda-music.com\/index.php\/wp-json\/wp\/v2\/posts"}],"about":[{"href":"https:\/\/pl.doda-music.com\/index.php\/wp-json\/wp\/v2\/types\/post"}],"author":[{"embeddable":true,"href":"https:\/\/pl.doda-music.com\/index.php\/wp-json\/wp\/v2\/users\/1"}],"replies":[{"embeddable":true,"href":"https:\/\/pl.doda-music.com\/index.php\/wp-json\/wp\/v2\/comments?post=11445"}],"version-history":[{"count":1,"href":"https:\/\/pl.doda-music.com\/index.php\/wp-json\/wp\/v2\/posts\/11445\/revisions"}],"predecessor-version":[{"id":11448,"href":"https:\/\/pl.doda-music.com\/index.php\/wp-json\/wp\/v2\/posts\/11445\/revisions\/11448"}],"wp:featuredmedia":[{"embeddable":true,"href":"https:\/\/pl.doda-music.com\/index.php\/wp-json\/wp\/v2\/media\/11447"}],"wp:attachment":[{"href":"https:\/\/pl.doda-music.com\/index.php\/wp-json\/wp\/v2\/media?parent=11445"}],"wp:term":[{"taxonomy":"category","embeddable":true,"href":"https:\/\/pl.doda-music.com\/index.php\/wp-json\/wp\/v2\/categories?post=11445"},{"taxonomy":"post_tag","embeddable":true,"href":"https:\/\/pl.doda-music.com\/index.php\/wp-json\/wp\/v2\/tags?post=11445"}],"curies":[{"name":"wp","href":"https:\/\/api.w.org\/{rel}","templated":true}]}}