{"id":10096,"date":"2013-12-20T13:15:50","date_gmt":"2013-12-20T11:15:50","guid":{"rendered":"http:\/\/pl.doda-music.com\/?p=10096"},"modified":"2013-12-20T13:15:50","modified_gmt":"2013-12-20T11:15:50","slug":"tradycyjne-koledowanie-foto","status":"publish","type":"post","link":"https:\/\/pl.doda-music.com\/index.php\/2013\/12\/tradycyjne-koledowanie-foto\/","title":{"rendered":"Tradycyjne kol\u0119dowanie &#8211; FOTO"},"content":{"rendered":"<p><center><img decoding=\"async\" src=\"https:\/\/scontent-b-cdg.xx.fbcdn.net\/hphotos-prn1\/1488127_10152091574233044_979490499_n.jpg\" width=\"500\"><\/center><\/p>\n<p>Wczoraj Doda, jak co roku, kol\u0119dowa\u0142a na oddziale chirurgii onkologicznej w IMiD. Na <a href=\"https:\/\/www.facebook.com\/media\/set\/?set=a.10152091574203044.1073742000.129274243043&#038;type=1\" target=\"_blank\">Facebooku Fundacji Spe\u0142nionych Marze\u0144<\/a> pojawi\u0142a si\u0119 fotorelacja z wydarzenia.<\/p>\n","protected":false},"excerpt":{"rendered":"<p>Wczoraj Doda, jak co roku, kol\u0119dowa\u0142a na oddziale chirurgii onkologicznej w IMiD. Na Facebooku Fundacji Spe\u0142nionych Marze\u0144 pojawi\u0142a si\u0119 fotorelacja z wydarzenia.<\/p>\n","protected":false},"author":1,"featured_media":0,"comment_status":"open","ping_status":"closed","sticky":false,"template":"","format":"standard","meta":{"footnotes":""},"categories":[28,44,8],"tags":[],"_links":{"self":[{"href":"https:\/\/pl.doda-music.com\/index.php\/wp-json\/wp\/v2\/posts\/10096"}],"collection":[{"href":"https:\/\/pl.doda-music.com\/index.php\/wp-json\/wp\/v2\/posts"}],"about":[{"href":"https:\/\/pl.doda-music.com\/index.php\/wp-json\/wp\/v2\/types\/post"}],"author":[{"embeddable":true,"href":"https:\/\/pl.doda-music.com\/index.php\/wp-json\/wp\/v2\/users\/1"}],"replies":[{"embeddable":true,"href":"https:\/\/pl.doda-music.com\/index.php\/wp-json\/wp\/v2\/comments?post=10096"}],"version-history":[{"count":1,"href":"https:\/\/pl.doda-music.com\/index.php\/wp-json\/wp\/v2\/posts\/10096\/revisions"}],"predecessor-version":[{"id":10097,"href":"https:\/\/pl.doda-music.com\/index.php\/wp-json\/wp\/v2\/posts\/10096\/revisions\/10097"}],"wp:attachment":[{"href":"https:\/\/pl.doda-music.com\/index.php\/wp-json\/wp\/v2\/media?parent=10096"}],"wp:term":[{"taxonomy":"category","embeddable":true,"href":"https:\/\/pl.doda-music.com\/index.php\/wp-json\/wp\/v2\/categories?post=10096"},{"taxonomy":"post_tag","embeddable":true,"href":"https:\/\/pl.doda-music.com\/index.php\/wp-json\/wp\/v2\/tags?post=10096"}],"curies":[{"name":"wp","href":"https:\/\/api.w.org\/{rel}","templated":true}]}}