{"id":10019,"date":"2013-11-25T22:39:04","date_gmt":"2013-11-25T20:39:04","guid":{"rendered":"http:\/\/pl.doda-music.com\/?p=10019"},"modified":"2013-11-26T19:18:07","modified_gmt":"2013-11-26T17:18:07","slug":"roze-gali-multimedia","status":"publish","type":"post","link":"https:\/\/pl.doda-music.com\/index.php\/2013\/11\/roze-gali-multimedia\/","title":{"rendered":"R\u00f3\u017ce Gali &#8211; multimedia"},"content":{"rendered":"<p> <center><a href=\"http:\/\/pl.doda-music.com\/index.php\/2013\/11\/roze-gali-multimedia\/ccccgcbcbncbn\/\" rel=\"attachment wp-att-10022\"><img loading=\"lazy\" decoding=\"async\" src=\"http:\/\/pl.doda-music.com\/wp-content\/uploads\/2013\/11\/ccccgcbcbncbn-500x285.jpg\" alt=\"\" title=\"ccccgcbcbncbn\" width=\"500\" height=\"285\" class=\"aligncenter size-large wp-image-10022\" srcset=\"https:\/\/pl.doda-music.com\/wp-content\/uploads\/2013\/11\/ccccgcbcbncbn-500x285.jpg 500w, https:\/\/pl.doda-music.com\/wp-content\/uploads\/2013\/11\/ccccgcbcbncbn-300x171.jpg 300w, https:\/\/pl.doda-music.com\/wp-content\/uploads\/2013\/11\/ccccgcbcbncbn.jpg 1109w\" sizes=\"(max-width: 500px) 100vw, 500px\" \/><\/a><\/center><\/p>\n<p>W\u0142a\u015bnie zako\u0144czy\u0142a si\u0119 oficjalna ceremonia wr\u0119czenia nagr\u00f3d R\u00f3\u017ce Gali. W kategorii muzyka wygra\u0142a Maryla Rodowicz, kt\u00f3rej serdecznie gratulujemy. Co jednak bardziej nas interesuje, to zwyci\u0119\u017cczyni g\u0142osowania publiczno\u015bci &#8211; Doda, kt\u00f3ra pojawi\u0142a si\u0119 na imprezie w pi\u0119knej bia\u0142ej sukni.<\/p>\n<p>Mamy dla Was pierwsze zdj\u0119cia z:<br \/>\n&#8211;<a href=\"http:\/\/instagram.com\/dodaqueen#\">Instagramu Dody<\/A><br \/>\n&#8211;<a href=\"https:\/\/www.facebook.com\/photo.php?fbid=10152028175603960&#038;set=a.10150280953403960.353144.358261633959&#038;type=1&#038;theater\">Fanpage&#8217;a Plotek.pl<\/A><br \/>\n&#8211;<a href=\"https:\/\/www.facebook.com\/photo.php?fbid=645907858766047&#038;set=a.544706605552840.1073741825.421276197895882&#038;type=1&#038;theater\">Fanpage&#8217;a Adriana \u015awiderskiego &#8211; makija\u017cysty Artystki<\/A><\/p>\n<p>Jutro w tym po\u015bcie pojawi\u0105 si\u0119 profesjonalne zdj\u0119cia i filmy z gali.<\/p>\n<p>UPDATE: Mamy dla Was obiecane materia\u0142y.<br \/>\nZdj\u0119cia: <a href=\"http:\/\/afterparty.pl\/newsy_galeria.html?galg_id=5586\">AfterParty.pl<\/A>, <a href=\"http:\/\/lula.pl\/lula\/56,111770,15025726,Roze_Gali_2013__na_jakie_stylizacje_postawily_gwiazdy_.html\">Lula.pl<\/A>, <a href=\"\"><\/A>, <a href=\"http:\/\/nocoty.pl\/gid,16201950,img,16202033,kat,1013541,title,Elegancka-Doda-na-rozdaniu-Roz-Gali,galeria.html?ticaid=511bc3\">NoCoTy.pl<\/A>.<br \/>\nVideo z gali, rozmowy z Dod\u0105 o najbli\u017cszych planach zawodowych: <a href=\"http:\/\/www.youtube.com\/watch?v=lOIzYY1no9E\">Plotek.pl<\/A>, <a href=\"http:\/\/dziendobry.tvn.pl\/wideo,2064,n\/rozdanie-roz-gali-kto-zostal-laureatem,106834.html\">Dzie\u0144DobryTVN.pl<\/A>, <a href=\"http:\/\/www.fakt.pl\/doda-opowiedziala-o-swojej-plycie-na-imprezie-roze-gali-,artykuly,431065,1.html\">Fakt.pl<\/A>.<\/p>\n","protected":false},"excerpt":{"rendered":"<p>W\u0142a\u015bnie zako\u0144czy\u0142a si\u0119 oficjalna ceremonia wr\u0119czenia nagr\u00f3d R\u00f3\u017ce Gali. W kategorii muzyka wygra\u0142a Maryla Rodowicz, kt\u00f3rej serdecznie gratulujemy. Co jednak bardziej nas interesuje, to zwyci\u0119\u017cczyni g\u0142osowania publiczno\u015bci &#8211; Doda, kt\u00f3ra pojawi\u0142a si\u0119 na imprezie w pi\u0119knej bia\u0142ej sukni. Mamy dla Was pierwsze zdj\u0119cia z: &#8211;Instagramu Dody &#8211;Fanpage&#8217;a Plotek.pl &#8211;Fanpage&#8217;a Adriana \u015awiderskiego &#8211; makija\u017cysty Artystki Jutro&#8230; <\/p>\n<div class=\"link-more\"><a href=\"https:\/\/pl.doda-music.com\/index.php\/2013\/11\/roze-gali-multimedia\/\">Read More<\/a><\/div>\n","protected":false},"author":12,"featured_media":0,"comment_status":"open","ping_status":"closed","sticky":false,"template":"","format":"standard","meta":{"footnotes":""},"categories":[44,57,10,18,8],"tags":[],"_links":{"self":[{"href":"https:\/\/pl.doda-music.com\/index.php\/wp-json\/wp\/v2\/posts\/10019"}],"collection":[{"href":"https:\/\/pl.doda-music.com\/index.php\/wp-json\/wp\/v2\/posts"}],"about":[{"href":"https:\/\/pl.doda-music.com\/index.php\/wp-json\/wp\/v2\/types\/post"}],"author":[{"embeddable":true,"href":"https:\/\/pl.doda-music.com\/index.php\/wp-json\/wp\/v2\/users\/12"}],"replies":[{"embeddable":true,"href":"https:\/\/pl.doda-music.com\/index.php\/wp-json\/wp\/v2\/comments?post=10019"}],"version-history":[{"count":9,"href":"https:\/\/pl.doda-music.com\/index.php\/wp-json\/wp\/v2\/posts\/10019\/revisions"}],"predecessor-version":[{"id":10031,"href":"https:\/\/pl.doda-music.com\/index.php\/wp-json\/wp\/v2\/posts\/10019\/revisions\/10031"}],"wp:attachment":[{"href":"https:\/\/pl.doda-music.com\/index.php\/wp-json\/wp\/v2\/media?parent=10019"}],"wp:term":[{"taxonomy":"category","embeddable":true,"href":"https:\/\/pl.doda-music.com\/index.php\/wp-json\/wp\/v2\/categories?post=10019"},{"taxonomy":"post_tag","embeddable":true,"href":"https:\/\/pl.doda-music.com\/index.php\/wp-json\/wp\/v2\/tags?post=10019"}],"curies":[{"name":"wp","href":"https:\/\/api.w.org\/{rel}","templated":true}]}}